{"id":3540,"date":"2025-06-18T08:00:00","date_gmt":"2025-06-18T06:00:00","guid":{"rendered":"https:\/\/vip2-msd.com\/switzerland\/?post_type=story&#038;p=3540"},"modified":"2025-07-09T11:38:47","modified_gmt":"2025-07-09T09:38:47","slug":"msd-switzerland-awarded-with-the-swiss-lgbti-label","status":"publish","type":"story","link":"https:\/\/www.msd.ch\/de\/stories\/msd-switzerland-awarded-with-the-swiss-lgbti-label\/","title":{"rendered":"MSD Schweiz erneut mit Schweizer LGBTI-Label ausgezeichnet"},"content":{"rendered":"\n<div id=\"mco-f1-article-hero-block_93dc14b392db8a8c7da8543a30e59ecb\" class=\"mco-f1-article-hero mccberg-block\">\n    <div class=\"mco-f1-article-hero-content-container\">\n        \n                            <a href=\"https:\/\/www.msd.ch\/de\/content_topic\/unternehmen\/\">\n                    <small class=\"tagline default-tagline\">\n                                                Unternehmen                    <\/small>\n                <\/a>\n            \n        \n                    <h1>\n                MSD Schweiz erneut mit Schweizer LGBTI-Label ausgezeichnet\n            <\/h1>\n                            <p>Zum vierten Mal in Folge wurde MSD Schweiz mit dem Swiss LGBTI-Label ausgezeichnet &#8211; einer Zertifizierung, die Unternehmen und Organisationen mit einer offenen, inklusiven und wertsch\u00e4tzenden Unternehmenskultur verliehen wird.<\/p>\n            <\/div>\n\n    <div class=\"mco-f1-article-hero-date-container\">\n                    <p class=\"mco-f1-article-hero-date text-descriptive\">18.06.2025<\/p>\n                <div class=\"mco-f1-article-share-btn-container\">\n                            <p class=\"text-descriptive\">Share this article<\/p>\n                                        <p><a href=\"https:\/\/www.facebook.com\/sharer\/sharer.php?u=https:\/\/www.msd.ch\/de\/stories\/msd-switzerland-awarded-with-the-swiss-lgbti-label\/\" target=\"_blank\" aria-label=\"Share on Facebook\"><svg xmlns=\"http:\/\/www.w3.org\/2000\/svg\" width=\"16\" height=\"16\" viewBox=\"0 0 16 16\">\n    <path fill=\"#00857C\" fill-rule=\"nonzero\" d=\"M6.023 16L6 9H3V6h3V4c0-2.7 1.672-4 4.08-4 1.153 0 2.144.086 2.433.124v2.821h-1.67c-1.31 0-1.563.623-1.563 1.536V6H13l-1 3H9.28v7H6.023z\" \/>\n<title>Facebook icon<\/title><\/svg>\n<\/a><\/p>\n                <p><a href=\"https:\/\/twitter.com\/intent\/tweet?text=https%3A%2F%2Fwww.msd.ch%2Fde%2Fstories%2Fmsd-switzerland-awarded-with-the-swiss-lgbti-label%2F MSD Schweiz erneut mit Schweizer LGBTI-Label ausgezeichnet\" target=\"_blank\" aria-label=\"Share on X\">\n<!-- Generator: Adobe Illustrator 27.7.0, SVG Export Plug-In . SVG Version: 6.00 Build 0)  -->\n<svg xmlns=\"http:\/\/www.w3.org\/2000\/svg\" viewBox=\"0 0 16 16\" width=\"16\" height=\"16\">\n\n\t.st0{fill:#00857C;}\n\n<path class=\"st0\" fill=\"#00857C\" d=\"M9.5,6.8l5.7-6.6h-1.4L8.8,6l-4-5.8H0.3l6,8.7l-6,7h1.4l5.2-6.1l4.2,6.1h4.6L9.5,6.8L9.5,6.8z M7.6,9L7,8.1\n\tL2.2,1.2h2.1l3.9,5.6l0.6,0.9l5.1,7.3h-2.1L7.6,9L7.6,9z\" \/>\n<title>X icon<\/title><\/svg>\n<\/a><\/p>\n                <p><a href=\"https:\/\/www.linkedin.com\/sharing\/share-offsite\/?url=https%3A%2F%2Fwww.msd.ch%2Fde%2Fstories%2Fmsd-switzerland-awarded-with-the-swiss-lgbti-label%2F\" target=\"_blank\" aria-label=\"Share on LinkedIn\"><svg xmlns=\"http:\/\/www.w3.org\/2000\/svg\" width=\"16\" height=\"16\" viewBox=\"0 0 16 16\">\n    <path fill=\"#00857C\" fill-rule=\"evenodd\" d=\"M15.205 0H.695C.299 0 0 .3 0 .7v14.7c0 .3.298.6.696.6h14.608c.398 0 .696-.3.696-.7V.7c-.1-.4-.398-.7-.795-.7zM4.671 13.6H2.385V6H4.77v7.6h-.1zM3.578 5c-.795 0-1.392-.7-1.392-1.4 0-.8.597-1.4 1.392-1.4.795 0 1.39.6 1.39 1.4-.098.7-.695 1.4-1.39 1.4zm9.938 8.6H11.13V9.9c0-.9 0-2-1.192-2-1.193 0-1.391 1-1.391 2v3.8H6.16V6h2.286v1c.298-.6 1.093-1.2 2.187-1.2 2.385 0 2.782 1.6 2.782 3.6v4.2h.1z\" \/>\n<title>Linkedin icon<\/title><\/svg>\n<\/a><\/p>\n                <p><a href=\"mailto:?subject=MSD Schweiz erneut mit Schweizer LGBTI-Label ausgezeichnet&#038;body=https:\/\/www.msd.ch\/de\/stories\/msd-switzerland-awarded-with-the-swiss-lgbti-label\/ Zum vierten Mal in Folge wurde MSD Schweiz mit dem Swiss LGBTI-Label ausgezeichnet - einer Zertifizierung, die Unternehmen und Organisationen mit einer offenen, inklusiven und wertsch\u00e4tzenden Unternehmenskultur verliehen wird.\" target=\"_blank\" aria-label=\"Share via email\"><svg xmlns=\"http:\/\/www.w3.org\/2000\/svg\" width=\"16\" height=\"16\" viewBox=\"0 0 16 16\">\n    <path fill=\"#00857C\" fill-rule=\"nonzero\" d=\"M16 5.7V14c0 .6-.4 1-1 1H1c-.6 0-1-.4-1-1V5.7l7.5 4.2c.28.14.72.14 1 0L16 5.7zM15 1c.6 0 1 .4 1 1v1.5L8 7.9 0 3.4V2c0-.6.4-1 1-1z\" \/>\n<title>Email icon<\/title><\/svg>\n<\/a><\/p>\n                    <\/div>\n    <\/div>\n\n    <div class=\"mco-f1-article-hero-image-container\">\n        <div class=\"mco-f1-article-image-parent \">\n                            <figure class=\"mccberg-figure\">\n                    <picture>\n                        <source\n                                media=\"(max-width: 767px)\"\n                                srcset=\"https:\/\/www.msd.ch\/de\/wp-content\/uploads\/sites\/88\/2021\/06\/LGBTI_Reward.png?w=321 1x,\n                                https:\/\/www.msd.ch\/de\/wp-content\/uploads\/sites\/88\/2021\/06\/LGBTI_Reward.png?w=642 2x,\n                                https:\/\/www.msd.ch\/de\/wp-content\/uploads\/sites\/88\/2021\/06\/LGBTI_Reward.png?w=963 3x\">\n                        <source\n                                media=\"(min-width: 768px) and (max-width: 1199px)\"\n                                srcset=\"https:\/\/www.msd.ch\/de\/wp-content\/uploads\/sites\/88\/2021\/06\/LGBTI_Reward.png?w=656 1x,\n                                https:\/\/www.msd.ch\/de\/wp-content\/uploads\/sites\/88\/2021\/06\/LGBTI_Reward.png?w=1312 2x,\n                                https:\/\/www.msd.ch\/de\/wp-content\/uploads\/sites\/88\/2021\/06\/LGBTI_Reward.png?w=1968 3x\">\n                        <source\n                                media=\"(min-width: 1200px)\"\n                                srcset=\"https:\/\/www.msd.ch\/de\/wp-content\/uploads\/sites\/88\/2021\/06\/LGBTI_Reward.png?w=1188 1x,\n                                https:\/\/www.msd.ch\/de\/wp-content\/uploads\/sites\/88\/2021\/06\/LGBTI_Reward.png?w=2376 2x,\n                                https:\/\/www.msd.ch\/de\/wp-content\/uploads\/sites\/88\/2021\/06\/LGBTI_Reward.png?w=3564 3x\">\n                        <img decoding=\"async\"\n                                src=\"https:\/\/www.msd.ch\/de\/wp-content\/uploads\/sites\/88\/2021\/06\/LGBTI_Reward.png?w=1188\"\n                                srcset=\"https:\/\/www.msd.ch\/de\/wp-content\/uploads\/sites\/88\/2021\/06\/LGBTI_Reward.png?w=1188 1x,\n                                https:\/\/www.msd.ch\/de\/wp-content\/uploads\/sites\/88\/2021\/06\/LGBTI_Reward.png?w=2376 2x,\n                                https:\/\/www.msd.ch\/de\/wp-content\/uploads\/sites\/88\/2021\/06\/LGBTI_Reward.png?w=3564 3x\"\n                                alt=\"LGBTI Flag und Logo\"\n                                loading=\"eager\" fetchpriority=\"high\"\n                        \/>\n                    <\/picture>\n\n                                    <\/figure>\n            \n                    <\/div>\n    <\/div>\n\n            <div class=\"mco-f1-article-hero-modal popup\" style=\"display: none;\">\n            <div class=\"popup-wrapper\">\n                <div class=\"mco-f1-article-hero-modal-content popup-content\">\n                <\/div>\n            <\/div>\n        <\/div>\n    <\/div>\n\n\n\n<div style=\"height:60px\" aria-hidden=\"true\" class=\"wp-block-spacer\"><\/div>\n\n\n\n<h3 class=\"wp-block-heading\">Was bedeutet das Swiss LGBTI-Label?<\/h3>\n\n\n\n<p>Das Swiss LGBTI-Label ist ein Qualit\u00e4tssiegel f\u00fcr Organisationen mit Sitz in der Schweiz, oder auch f\u00fcr Schweizer Organisationen, die sich f\u00fcr die innerbetriebliche Gleichberechtigung von LGBTI-Personen einsetzen.<br><br>LGBTI steht f\u00fcr Personen, die sich in ihrer sexuellen Orientierung, Geschlechtsidentit\u00e4t oder ihren k\u00f6rperlichen Geschlechtsmerkmalen von der Bev\u00f6lkerungsmehrheit unterscheiden.<\/p>\n\n\n\n<div style=\"height:20px\" aria-hidden=\"true\" class=\"wp-block-spacer\"><\/div>\n\n\n\n<h3 class=\"wp-block-heading\">Vielfalt als gelebte Realit\u00e4t<\/h3>\n\n\n\n<p>Bei MSD Schweiz ist Diversit\u00e4t kein kurzfristiges Ziel, sondern ein zentraler Bestandteil unserer Unternehmenskultur. Wir sind \u00fcberzeugt: Nur ein Arbeitsumfeld, in dem sich alle Mitarbeitenden \u2013 unabh\u00e4ngig von Geschlechtsidentit\u00e4t, sexueller Orientierung oder k\u00f6rperlichen Merkmalen \u2013 sicher und respektiert f\u00fchlen, f\u00f6rdert Innovation und nachhaltigen Unternehmenserfolg.<\/p>\n\n\n\n<div style=\"height:20px\" aria-hidden=\"true\" class=\"wp-block-spacer\"><\/div>\n\n\n\n<h3 class=\"wp-block-heading\">Swiss LGBTI-Label \u2013 ein Zeichen f\u00fcr gelebte Gleichstellung<\/h3>\n\n\n\n<p>Das Swiss LGBTI-Label wurde von den Netzwerken <strong>Network (Gay Leadership)<\/strong> und <strong>Wybernet (Gay Professional Women)<\/strong> entwickelt, in enger Zusammenarbeit mit <strong>Transgender Network Switzerland<\/strong>, <strong>Pink Cross<\/strong>, <strong>LOS \u2013 Lesbenorganisation Schweiz<\/strong> und <strong>Regenbogenfamilien<\/strong>.<br><br>Die Vergabe des Labels basiert auf einem strukturierten Bewertungsprozess, der unter anderem die Organisationskultur, F\u00fchrungsprinzipien, Personalprozesse und interne Kommunikation ber\u00fccksichtigt.<br><br>Die Re-Zertifizierung findet in regelm\u00e4ssigen Abst\u00e4nden statt und best\u00e4tigt das nachhaltige Engagement des Unternehmens.<\/p>\n\n\n\n<div style=\"height:20px\" aria-hidden=\"true\" class=\"wp-block-spacer\"><\/div>\n\n\n\n<div class=\"wp-block-columns are-vertically-aligned-center is-layout-flex wp-container-core-columns-is-layout-9d6595d7 wp-block-columns-is-layout-flex\">\n<div class=\"wp-block-column is-vertically-aligned-center is-layout-flow wp-block-column-is-layout-flow\"><div class=\"wp-block-image\">\n<figure class=\"aligncenter size-full\"><img loading=\"lazy\" decoding=\"async\" width=\"2016\" height=\"1134\" src=\"https:\/\/www.msd.ch\/de\/wp-content\/uploads\/sites\/88\/2025\/07\/2025-LGBTI-Certificate.jpg\" alt=\"\" class=\"wp-image-12547\" \/><\/figure><\/div><\/div>\n\n\n\n<div class=\"wp-block-column is-vertically-aligned-center is-layout-flow wp-block-column-is-layout-flow\"><div class=\"wp-block-image\">\n<figure class=\"aligncenter size-large is-resized\"><img loading=\"lazy\" decoding=\"async\" width=\"1024\" height=\"527\" src=\"https:\/\/www.msd.ch\/de\/wp-content\/uploads\/sites\/88\/2021\/06\/logo.png?w=1024\" alt=\"Swiss LGBTI Label Logo\" class=\"wp-image-9803\" style=\"width:256px;height:132px\" \/><\/figure><\/div><\/div>\n\n\n\n<div class=\"wp-block-column is-vertically-aligned-center is-layout-flow wp-block-column-is-layout-flow\"><div class=\"wp-block-image\">\n<figure class=\"aligncenter size-full\"><img loading=\"lazy\" decoding=\"async\" width=\"2016\" height=\"1134\" src=\"https:\/\/www.msd.ch\/de\/wp-content\/uploads\/sites\/88\/2025\/07\/2025-LGBTI-Certificate_2.jpg\" alt=\"\" class=\"wp-image-12548\" \/><\/figure><\/div><\/div>\n<\/div>\n\n\n\n<div style=\"height:20px\" aria-hidden=\"true\" class=\"wp-block-spacer\"><\/div>\n\n\n\n<h3 class=\"wp-block-heading\">Gemeinsam f\u00fcr mehr Sichtbarkeit<\/h3>\n\n\n\n<p>Wir bei MSD Schweiz sind stolz, das Swiss LGBTI-Label erneut zu tragen \u2013 als Ausdruck unserer \u00dcberzeugung, dass eine inklusive Arbeitswelt allen n\u00fctzt: unseren Mitarbeitenden, unserem Unternehmen und der Gesellschaft als Ganzem.<\/p>\n\n\n\n<p><br><sup>CH-NON-01248, 07\/2025<\/sup><\/p>\n","protected":false},"excerpt":{"rendered":"<p>Was bedeutet das Swiss LGBTI-Label? Das Swiss LGBTI-Label ist ein Qualit\u00e4tssiegel f\u00fcr Organisationen mit Sitz in der Schweiz, oder auch f\u00fcr Schweizer Organisationen, die sich f\u00fcr die innerbetriebliche Gleichberechtigung von LGBTI-Personen einsetzen. LGBTI steht f\u00fcr Personen, die sich in ihrer sexuellen Orientierung, Geschlechtsidentit\u00e4t oder ihren k\u00f6rperlichen Geschlechtsmerkmalen von der Bev\u00f6lkerungsmehrheit unterscheiden. Vielfalt als gelebte Realit\u00e4t [&hellip;]<\/p>\n","protected":false},"featured_media":9801,"template":"","meta":{"_acf_changed":false,"bdl_company_name":[],"bdl_item_external_link":[],"footnotes":""},"tags":[50],"content_topic":[51],"admin_field":[],"class_list":["post-3540","story","type-story","status-publish","has-post-thumbnail","hentry","tag-unternehmen","content_topic-unternehmen"],"yoast_head":"<!-- This site is optimized with the Yoast SEO plugin v21.9.1 - https:\/\/yoast.com\/wordpress\/plugins\/seo\/ -->\n<title>MSD Schweiz erneut mit Schweizer LGBTI-Label ausgezeichnet - msd.ch<\/title>\n<meta name=\"description\" content=\"Zum vierten Mal in Folge wurde MSD Schweiz mit dem Swiss LGBTI-Label ausgezeichnet.\" \/>\n<meta name=\"robots\" content=\"index, follow, max-snippet:-1, max-image-preview:large, max-video-preview:-1\" \/>\n<link rel=\"canonical\" href=\"https:\/\/www.msd.ch\/de\/stories\/msd-switzerland-awarded-with-the-swiss-lgbti-label\/\" \/>\n<meta property=\"og:locale\" content=\"en_US\" \/>\n<meta property=\"og:type\" content=\"article\" \/>\n<meta property=\"og:title\" content=\"MSD Schweiz erneut mit Schweizer LGBTI-Label ausgezeichnet - msd.ch\" \/>\n<meta property=\"og:description\" content=\"Zum vierten Mal in Folge wurde MSD Schweiz mit dem Swiss LGBTI-Label ausgezeichnet.\" \/>\n<meta property=\"og:url\" content=\"https:\/\/www.msd.ch\/de\/stories\/msd-switzerland-awarded-with-the-swiss-lgbti-label\/\" \/>\n<meta property=\"og:site_name\" content=\"msd.ch\" \/>\n<meta property=\"article:modified_time\" content=\"2025-07-09T09:38:47+00:00\" \/>\n<meta property=\"og:image\" content=\"https:\/\/www.msd.ch\/de\/wp-content\/uploads\/sites\/88\/2021\/06\/LGBTI_Reward.png?w=2837\" \/>\n\t<meta property=\"og:image:width\" content=\"2837\" \/>\n\t<meta property=\"og:image:height\" content=\"2160\" \/>\n\t<meta property=\"og:image:type\" content=\"image\/png\" \/>\n<meta name=\"twitter:card\" content=\"summary_large_image\" \/>\n<meta name=\"twitter:label1\" content=\"Est. reading time\" \/>\n\t<meta name=\"twitter:data1\" content=\"2 minutes\" \/>\n<script type=\"application\/ld+json\" class=\"yoast-schema-graph\">{\"@context\":\"https:\/\/schema.org\",\"@graph\":[{\"@type\":\"WebPage\",\"@id\":\"https:\/\/www.msd.ch\/de\/stories\/msd-switzerland-awarded-with-the-swiss-lgbti-label\/\",\"url\":\"https:\/\/www.msd.ch\/de\/stories\/msd-switzerland-awarded-with-the-swiss-lgbti-label\/\",\"name\":\"MSD Schweiz erneut mit Schweizer LGBTI-Label ausgezeichnet - msd.ch\",\"isPartOf\":{\"@id\":\"https:\/\/www.msd.ch\/de\/#website\"},\"datePublished\":\"2025-06-18T06:00:00+00:00\",\"dateModified\":\"2025-07-09T09:38:47+00:00\",\"description\":\"Zum vierten Mal in Folge wurde MSD Schweiz mit dem Swiss LGBTI-Label ausgezeichnet.\",\"breadcrumb\":{\"@id\":\"https:\/\/www.msd.ch\/de\/stories\/msd-switzerland-awarded-with-the-swiss-lgbti-label\/#breadcrumb\"},\"inLanguage\":\"en-US\",\"potentialAction\":[{\"@type\":\"ReadAction\",\"target\":[\"https:\/\/www.msd.ch\/de\/stories\/msd-switzerland-awarded-with-the-swiss-lgbti-label\/\"]}]},{\"@type\":\"BreadcrumbList\",\"@id\":\"https:\/\/www.msd.ch\/de\/stories\/msd-switzerland-awarded-with-the-swiss-lgbti-label\/#breadcrumb\",\"itemListElement\":[{\"@type\":\"ListItem\",\"position\":1,\"name\":\"Stories\",\"item\":\"https:\/\/www.msd.ch\/de\/stories-archive\/\"},{\"@type\":\"ListItem\",\"position\":2,\"name\":\"MSD Schweiz erneut mit Schweizer LGBTI-Label ausgezeichnet\"}]},{\"@type\":\"WebSite\",\"@id\":\"https:\/\/www.msd.ch\/de\/#website\",\"url\":\"https:\/\/www.msd.ch\/de\/\",\"name\":\"msd.ch\",\"description\":\"MSD erforscht und entwickelt Medikamente und Impfstoffe, die Leben retten und die Gesundheit von Patienten verbessern sollen. In der Schweiz setzen sich 1000 Mitarbeitende in Luzern und Z\u00fcrich daf\u00fcr ein.\",\"potentialAction\":[{\"@type\":\"SearchAction\",\"target\":{\"@type\":\"EntryPoint\",\"urlTemplate\":\"https:\/\/www.msd.ch\/de\/?s={search_term_string}\"},\"query-input\":\"required name=search_term_string\"}],\"inLanguage\":\"en-US\"}]}<\/script>\n<!-- \/ Yoast SEO plugin. -->","yoast_head_json":{"title":"MSD Schweiz erneut mit Schweizer LGBTI-Label ausgezeichnet - msd.ch","description":"Zum vierten Mal in Folge wurde MSD Schweiz mit dem Swiss LGBTI-Label ausgezeichnet.","robots":{"index":"index","follow":"follow","max-snippet":"max-snippet:-1","max-image-preview":"max-image-preview:large","max-video-preview":"max-video-preview:-1"},"canonical":"https:\/\/www.msd.ch\/de\/stories\/msd-switzerland-awarded-with-the-swiss-lgbti-label\/","og_locale":"en_US","og_type":"article","og_title":"MSD Schweiz erneut mit Schweizer LGBTI-Label ausgezeichnet - msd.ch","og_description":"Zum vierten Mal in Folge wurde MSD Schweiz mit dem Swiss LGBTI-Label ausgezeichnet.","og_url":"https:\/\/www.msd.ch\/de\/stories\/msd-switzerland-awarded-with-the-swiss-lgbti-label\/","og_site_name":"msd.ch","article_modified_time":"2025-07-09T09:38:47+00:00","og_image":[{"url":"https:\/\/www.msd.ch\/de\/wp-content\/uploads\/sites\/88\/2021\/06\/LGBTI_Reward.png?w=2837","width":2837,"height":2160,"type":"image\/png"}],"twitter_card":"summary_large_image","twitter_misc":{"Est. reading time":"2 minutes"},"schema":{"@context":"https:\/\/schema.org","@graph":[{"@type":"WebPage","@id":"https:\/\/www.msd.ch\/de\/stories\/msd-switzerland-awarded-with-the-swiss-lgbti-label\/","url":"https:\/\/www.msd.ch\/de\/stories\/msd-switzerland-awarded-with-the-swiss-lgbti-label\/","name":"MSD Schweiz erneut mit Schweizer LGBTI-Label ausgezeichnet - msd.ch","isPartOf":{"@id":"https:\/\/www.msd.ch\/de\/#website"},"datePublished":"2025-06-18T06:00:00+00:00","dateModified":"2025-07-09T09:38:47+00:00","description":"Zum vierten Mal in Folge wurde MSD Schweiz mit dem Swiss LGBTI-Label ausgezeichnet.","breadcrumb":{"@id":"https:\/\/www.msd.ch\/de\/stories\/msd-switzerland-awarded-with-the-swiss-lgbti-label\/#breadcrumb"},"inLanguage":"en-US","potentialAction":[{"@type":"ReadAction","target":["https:\/\/www.msd.ch\/de\/stories\/msd-switzerland-awarded-with-the-swiss-lgbti-label\/"]}]},{"@type":"BreadcrumbList","@id":"https:\/\/www.msd.ch\/de\/stories\/msd-switzerland-awarded-with-the-swiss-lgbti-label\/#breadcrumb","itemListElement":[{"@type":"ListItem","position":1,"name":"Stories","item":"https:\/\/www.msd.ch\/de\/stories-archive\/"},{"@type":"ListItem","position":2,"name":"MSD Schweiz erneut mit Schweizer LGBTI-Label ausgezeichnet"}]},{"@type":"WebSite","@id":"https:\/\/www.msd.ch\/de\/#website","url":"https:\/\/www.msd.ch\/de\/","name":"msd.ch","description":"MSD erforscht und entwickelt Medikamente und Impfstoffe, die Leben retten und die Gesundheit von Patienten verbessern sollen. In der Schweiz setzen sich 1000 Mitarbeitende in Luzern und Z\u00fcrich daf\u00fcr ein.","potentialAction":[{"@type":"SearchAction","target":{"@type":"EntryPoint","urlTemplate":"https:\/\/www.msd.ch\/de\/?s={search_term_string}"},"query-input":"required name=search_term_string"}],"inLanguage":"en-US"}]}},"acf":[],"extended_data":{"featured_image":"https:\/\/www.msd.ch\/de\/wp-content\/uploads\/sites\/88\/2021\/06\/LGBTI_Reward.png?w=1024","acf_fields":{"mco_page_tracking_data":"","show_section":true,"related_content_section_heading":"Verwandte Themen","story_one_selection":"select","related_content_item_one":false,"story_two_selection":"select","related_content_item_two":{"ID":42,"post_author":"282","post_date":"2025-10-31 09:28:52","post_date_gmt":"2025-10-31 08:28:52","post_content":"<!-- wp:acf\/hero-block {\"name\":\"acf\/hero-block\",\"data\":{\"mco_hero_block_tagline_text\":\"\",\"_mco_hero_block_tagline_text\":\"mco_hero_block_tagline_text\",\"mco_hero_block_ttle\":\"Unsere Gesch\u00e4ftsleitung\",\"_mco_hero_block_ttle\":\"mco_hero_block_title\",\"mco_hero_block_description\":\"Die Gesch\u00e4ftsleitung von MSD Schweiz im Bereich Humanmedizin.\",\"_mco_hero_block_description\":\"mco_hero_block_description\",\"mco_hero_block_image_url\":7164,\"_mco_hero_block_image_url\":\"mco_hero_block_image_url\",\"mcc_hero_block_primary_image_alt\":\"\",\"_mcc_hero_block_primary_image_alt\":\"mcc_hero_block_primary_image_alt_text\",\"mco_hero_block_image_small_url\":\"\",\"_mco_hero_block_image_small_url\":\"mco_hero_block_image_small_url\",\"mcc_hero_block_secondary_image_alt\":\"\",\"_mcc_hero_block_secondary_image_alt\":\"mcc_hero_block_secondary_image_alt_text\",\"mco_hero_block_button_cta\":\"\",\"_mco_hero_block_button_cta\":\"mco_hero_block_button_cta\",\"hero_video_type\":\"youtube\",\"_hero_video_type\":\"hero_video_type\",\"youtube_video_url\":\"\",\"_youtube_video_url\":\"youtube_video\",\"video_accessible_name\":\"\",\"_video_accessible_name\":\"testimonial_video_accessible_name\",\"b2_hero_block_lazy_load_image\":\"0\",\"_b2_hero_block_lazy_load_image\":\"b2_hero_block_lazy_load_image_key\"},\"mode\":\"edit\"} \/-->\n\n<!-- wp:acf\/title-block {\"name\":\"acf\/title-block\",\"data\":{\"title\":\"Innovation beginnt mit unseren Werten\",\"_title\":\"mco_title_block_title\",\"description\":\"Wir sind stolz, einen aktiven Beitrag zum Erfolg von MSD in der Schweiz zu leisten, f\u00fcr Patient:innen, Mitarbeitende und Kunden. Wir setzen uns f\u00fcr ein integratives, ethisches und leistungsstarkes Arbeitsumfeld ein und investieren nicht nur in die Entwicklung unserer Mitarbeitenden, sondern unterst\u00fctzen sie, gemeinsam nach L\u00f6sungen zu suchen, die die Bed\u00fcrfnisse unserer Kunden und Patient:innen erf\u00fcllen. Gemeinsam k\u00f6nnen wir etwas bewegen, gemeinsam setzen wir uns daf\u00fcr ein, Leben zu retten und zu verbessern.\",\"_description\":\"mco_title_block_description\",\"content_label\":\"\",\"_content_label\":\"mco_title_block_content_label\",\"cta_one\":\"\",\"_cta_one\":\"mco_title_block_cta_one\",\"cta_two\":\"\",\"_cta_two\":\"mco_title_block_cta_two\",\"image\":\"\",\"_image\":\"mco_title_block_image\"},\"align\":\"left\",\"mode\":\"edit\"} \/-->\n\n<!-- wp:acf\/title-block {\"name\":\"acf\/title-block\",\"data\":{\"title\":\"Die Mitglieder der Gesch\u00e4ftsleitung\",\"_title\":\"mco_title_block_title\",\"description\":\"\",\"_description\":\"mco_title_block_description\",\"content_label\":\"\",\"_content_label\":\"mco_title_block_content_label\",\"cta_one\":\"\",\"_cta_one\":\"mco_title_block_cta_one\",\"cta_two\":\"\",\"_cta_two\":\"mco_title_block_cta_two\",\"image\":\"\",\"_image\":\"mco_title_block_image\"},\"align\":\"left\",\"mode\":\"edit\",\"className\":\"mb-2\"} \/-->\n\n<!-- wp:columns -->\n<div class=\"wp-block-columns\"><!-- wp:column -->\n<div class=\"wp-block-column\"><!-- wp:image {\"id\":12839,\"sizeSlug\":\"full\",\"linkDestination\":\"none\",\"align\":\"left\"} -->\n<figure class=\"wp-block-image alignleft size-full\"><img src=\"https:\/\/www.msd.ch\/de\/wp-content\/uploads\/sites\/88\/2025\/10\/Jasper-Kunow-202510.jpg\" alt=\"\" class=\"wp-image-12839\"\/><\/figure>\n<!-- \/wp:image -->\n\n<!-- wp:heading {\"level\":5} -->\n<h5 class=\"wp-block-heading\">Jasper Kunow<\/h5>\n<!-- \/wp:heading -->\n\n<!-- wp:paragraph -->\n<p>Managing Director (ad interim)<\/p>\n<!-- \/wp:paragraph --><\/div>\n<!-- \/wp:column -->\n\n<!-- wp:column -->\n<div class=\"wp-block-column\"><!-- wp:image {\"id\":12842,\"sizeSlug\":\"large\",\"linkDestination\":\"none\",\"align\":\"left\"} -->\n<figure class=\"wp-block-image alignleft size-large\"><img src=\"https:\/\/www.msd.ch\/de\/wp-content\/uploads\/sites\/88\/2025\/10\/Morgan-Andersen-202510.jpg?w=1400\" alt=\"\" class=\"wp-image-12842\"\/><\/figure>\n<!-- \/wp:image -->\n\n<!-- wp:heading {\"level\":5} -->\n<h5 class=\"wp-block-heading\">Morgan Andersen<\/h5>\n<!-- \/wp:heading -->\n\n<!-- wp:paragraph -->\n<p>Director Business Unit Vaccines<\/p>\n<!-- \/wp:paragraph --><\/div>\n<!-- \/wp:column -->\n\n<!-- wp:column -->\n<div class=\"wp-block-column\"><!-- wp:image {\"id\":12845,\"sizeSlug\":\"large\",\"linkDestination\":\"none\",\"align\":\"left\"} -->\n<figure class=\"wp-block-image alignleft size-large\"><img src=\"https:\/\/www.msd.ch\/de\/wp-content\/uploads\/sites\/88\/2025\/10\/Angela-Weber-202510.jpg?w=1400\" alt=\"\" class=\"wp-image-12845\"\/><\/figure>\n<!-- \/wp:image -->\n\n<!-- wp:heading {\"level\":5} -->\n<h5 class=\"wp-block-heading\">Angela Weber<\/h5>\n<!-- \/wp:heading -->\n\n<!-- wp:paragraph -->\n<p>Director Business Unit Pharma<\/p>\n<!-- \/wp:paragraph --><\/div>\n<!-- \/wp:column -->\n\n<!-- wp:column -->\n<div class=\"wp-block-column\"><!-- wp:image {\"id\":12857,\"sizeSlug\":\"large\",\"linkDestination\":\"none\",\"align\":\"left\"} -->\n<figure class=\"wp-block-image alignleft size-large\"><img src=\"https:\/\/www.msd.ch\/de\/wp-content\/uploads\/sites\/88\/2025\/10\/Anthony-Behr-202510_2.jpg?w=1400\" alt=\"\" class=\"wp-image-12857\"\/><\/figure>\n<!-- \/wp:image -->\n\n<!-- wp:heading {\"level\":5} -->\n<h5 class=\"wp-block-heading\">Anthony Behr<\/h5>\n<!-- \/wp:heading -->\n\n<!-- wp:paragraph -->\n<p>Director Business Unit Oncology<\/p>\n<!-- \/wp:paragraph --><\/div>\n<!-- \/wp:column --><\/div>\n<!-- \/wp:columns -->\n\n<!-- wp:columns -->\n<div class=\"wp-block-columns\"><!-- wp:column -->\n<div class=\"wp-block-column\"><!-- wp:image {\"id\":12838,\"sizeSlug\":\"large\",\"linkDestination\":\"none\",\"align\":\"left\"} -->\n<figure class=\"wp-block-image alignleft size-large\"><img src=\"https:\/\/www.msd.ch\/de\/wp-content\/uploads\/sites\/88\/2025\/10\/Gila-Stump-202510.jpg?w=1400\" alt=\"\" class=\"wp-image-12838\"\/><\/figure>\n<!-- \/wp:image -->\n\n<!-- wp:heading {\"level\":5} -->\n<h5 class=\"wp-block-heading\">Dr. Gila Stump<\/h5>\n<!-- \/wp:heading -->\n\n<!-- wp:paragraph -->\n<p>Director External Affairs &amp; Market Access<\/p>\n<!-- \/wp:paragraph --><\/div>\n<!-- \/wp:column -->\n\n<!-- wp:column -->\n<div class=\"wp-block-column\"><!-- wp:image {\"id\":12848,\"sizeSlug\":\"large\",\"linkDestination\":\"none\",\"align\":\"left\"} -->\n<figure class=\"wp-block-image alignleft size-large\"><img src=\"https:\/\/www.msd.ch\/de\/wp-content\/uploads\/sites\/88\/2025\/10\/Beat-Obrist-202510.jpg?w=1400\" alt=\"\" class=\"wp-image-12848\"\/><\/figure>\n<!-- \/wp:image -->\n\n<!-- wp:heading {\"level\":5} -->\n<h5 class=\"wp-block-heading\">Beat Obrist<\/h5>\n<!-- \/wp:heading -->\n\n<!-- wp:paragraph -->\n<p>Director DDA Operations<\/p>\n<!-- \/wp:paragraph --><\/div>\n<!-- \/wp:column -->\n\n<!-- wp:column -->\n<div class=\"wp-block-column\"><!-- wp:image {\"id\":12840,\"sizeSlug\":\"large\",\"linkDestination\":\"none\",\"align\":\"left\"} -->\n<figure class=\"wp-block-image alignleft size-large\"><img src=\"https:\/\/www.msd.ch\/de\/wp-content\/uploads\/sites\/88\/2025\/10\/Jean-Blaise-Defago-202510.jpg?w=1400\" alt=\"\" class=\"wp-image-12840\"\/><\/figure>\n<!-- \/wp:image -->\n\n<!-- wp:heading {\"level\":5} -->\n<h5 class=\"wp-block-heading\">Jean-Blaise Defago<\/h5>\n<!-- \/wp:heading -->\n\n<!-- wp:paragraph -->\n<p>Lead Government &amp; Public Affairs<\/p>\n<!-- \/wp:paragraph --><\/div>\n<!-- \/wp:column -->\n\n<!-- wp:column -->\n<div class=\"wp-block-column\"><!-- wp:image {\"id\":12849,\"sizeSlug\":\"large\",\"linkDestination\":\"none\",\"align\":\"left\"} -->\n<figure class=\"wp-block-image alignleft size-large\"><img src=\"https:\/\/www.msd.ch\/de\/wp-content\/uploads\/sites\/88\/2025\/10\/Christoph-Brombacher-202510.jpg?w=1400\" alt=\"\" class=\"wp-image-12849\"\/><\/figure>\n<!-- \/wp:image -->\n\n<!-- wp:heading {\"level\":5} -->\n<h5 class=\"wp-block-heading\">Dr. Christoph Brombacher<\/h5>\n<!-- \/wp:heading -->\n\n<!-- wp:paragraph -->\n<p>Manager Compliance &amp; Business Practices<\/p>\n<!-- \/wp:paragraph --><\/div>\n<!-- \/wp:column --><\/div>\n<!-- \/wp:columns -->\n\n<!-- wp:columns -->\n<div class=\"wp-block-columns\"><!-- wp:column -->\n<div class=\"wp-block-column\"><!-- wp:image {\"id\":12851,\"sizeSlug\":\"large\",\"linkDestination\":\"none\",\"align\":\"left\"} -->\n<figure class=\"wp-block-image alignleft size-large\"><img src=\"https:\/\/www.msd.ch\/de\/wp-content\/uploads\/sites\/88\/2025\/10\/Diana-Arnet-202510.jpg?w=1400\" alt=\"\" class=\"wp-image-12851\"\/><\/figure>\n<!-- \/wp:image -->\n\n<!-- wp:heading {\"level\":5} -->\n<h5 class=\"wp-block-heading\">Dr. med. Diana Arnet<\/h5>\n<!-- \/wp:heading -->\n\n<!-- wp:paragraph -->\n<p>Sr. Director Medical Affairs<\/p>\n<!-- \/wp:paragraph --><\/div>\n<!-- \/wp:column -->\n\n<!-- wp:column -->\n<div class=\"wp-block-column\"><!-- wp:image {\"id\":12850,\"sizeSlug\":\"large\",\"linkDestination\":\"none\",\"align\":\"left\"} -->\n<figure class=\"wp-block-image alignleft size-large\"><img src=\"https:\/\/www.msd.ch\/de\/wp-content\/uploads\/sites\/88\/2025\/10\/Claudia-Stadelmann-202510.jpg?w=1400\" alt=\"\" class=\"wp-image-12850\"\/><\/figure>\n<!-- \/wp:image -->\n\n<!-- wp:heading {\"level\":5} -->\n<h5 class=\"wp-block-heading\">Claudia Stadelmann<\/h5>\n<!-- \/wp:heading -->\n\n<!-- wp:paragraph -->\n<p>Director Regulatory Affairs<\/p>\n<!-- \/wp:paragraph --><\/div>\n<!-- \/wp:column -->\n\n<!-- wp:column -->\n<div class=\"wp-block-column\"><!-- wp:image {\"id\":12853,\"sizeSlug\":\"full\",\"linkDestination\":\"none\",\"align\":\"left\"} -->\n<figure class=\"wp-block-image alignleft size-full\"><img src=\"https:\/\/www.msd.ch\/de\/wp-content\/uploads\/sites\/88\/2025\/10\/Klaudia-Georgi-202510.jpg\" alt=\"\" class=\"wp-image-12853\"\/><\/figure>\n<!-- \/wp:image -->\n\n<!-- wp:heading {\"level\":5} -->\n<h5 class=\"wp-block-heading\">Klaudia Georgi<\/h5>\n<!-- \/wp:heading -->\n\n<!-- wp:paragraph -->\n<p>Sr. Director Clinical Research <br>MSD Switzerland &amp; Serbia<\/p>\n<!-- \/wp:paragraph --><\/div>\n<!-- \/wp:column -->\n\n<!-- wp:column -->\n<div class=\"wp-block-column\"><!-- wp:image {\"id\":12841,\"sizeSlug\":\"large\",\"linkDestination\":\"none\",\"align\":\"left\"} -->\n<figure class=\"wp-block-image alignleft size-large\"><img src=\"https:\/\/www.msd.ch\/de\/wp-content\/uploads\/sites\/88\/2025\/10\/Lars-Andresen-202510.jpg?w=1400\" alt=\"\" class=\"wp-image-12841\"\/><\/figure>\n<!-- \/wp:image -->\n\n<!-- wp:heading {\"level\":5} -->\n<h5 class=\"wp-block-heading\">Lars Andresen<\/h5>\n<!-- \/wp:heading -->\n\n<!-- wp:paragraph -->\n<p>Director Finance<\/p>\n<!-- \/wp:paragraph --><\/div>\n<!-- \/wp:column --><\/div>\n<!-- \/wp:columns -->\n\n<!-- wp:columns -->\n<div class=\"wp-block-columns\"><!-- wp:column -->\n<div class=\"wp-block-column\"><!-- wp:image {\"id\":12844,\"sizeSlug\":\"large\",\"linkDestination\":\"none\",\"align\":\"left\"} -->\n<figure class=\"wp-block-image alignleft size-large\"><img src=\"https:\/\/www.msd.ch\/de\/wp-content\/uploads\/sites\/88\/2025\/10\/Aleksandra-Kuzmicka-202510.jpg?w=1400\" alt=\"\" class=\"wp-image-12844\"\/><\/figure>\n<!-- \/wp:image -->\n\n<!-- wp:heading {\"level\":5} -->\n<h5 class=\"wp-block-heading\">Aleksandra (Ola) Kuzmicka<\/h5>\n<!-- \/wp:heading -->\n\n<!-- wp:paragraph -->\n<p>HR Business Partner Lead<\/p>\n<!-- \/wp:paragraph --><\/div>\n<!-- \/wp:column -->\n\n<!-- wp:column -->\n<div class=\"wp-block-column\"><!-- wp:image {\"id\":12843,\"sizeSlug\":\"full\",\"linkDestination\":\"none\",\"align\":\"left\"} -->\n<figure class=\"wp-block-image alignleft size-full\"><img src=\"https:\/\/www.msd.ch\/de\/wp-content\/uploads\/sites\/88\/2025\/10\/Pascal-Nosetti-202510.jpg\" alt=\"\" class=\"wp-image-12843\"\/><\/figure>\n<!-- \/wp:image -->\n\n<!-- wp:heading {\"level\":5} -->\n<h5 class=\"wp-block-heading\">Dr. Pascal Nosetti<\/h5>\n<!-- \/wp:heading -->\n\n<!-- wp:paragraph -->\n<p>Legal &amp; Compliance DACH<\/p>\n<!-- \/wp:paragraph --><\/div>\n<!-- \/wp:column -->\n\n<!-- wp:column -->\n<div class=\"wp-block-column\"><!-- wp:heading {\"level\":5} -->\n<h5 class=\"wp-block-heading\"><\/h5>\n<!-- \/wp:heading -->\n\n<!-- wp:paragraph -->\n<p><\/p>\n<!-- \/wp:paragraph --><\/div>\n<!-- \/wp:column -->\n\n<!-- wp:column -->\n<div class=\"wp-block-column\"><!-- wp:paragraph -->\n<p><\/p>\n<!-- \/wp:paragraph --><\/div>\n<!-- \/wp:column --><\/div>\n<!-- \/wp:columns -->\n\n<!-- wp:spacer -->\n<div style=\"height:100px\" aria-hidden=\"true\" class=\"wp-block-spacer\"><\/div>\n<!-- \/wp:spacer -->\n\n<!-- wp:paragraph -->\n<p><sup>CH-NON-00389, 06\/2025<\/sup><\/p>\n<!-- \/wp:paragraph -->","post_title":"Gesch\u00e4ftsleitung","post_excerpt":"","post_status":"publish","comment_status":"closed","ping_status":"closed","post_password":"","post_name":"leadership","to_ping":"","pinged":"","post_modified":"2026-02-16 20:42:36","post_modified_gmt":"2026-02-16 19:42:36","post_content_filtered":"","post_parent":7768,"guid":"https:\/\/vip2-msd.com\/switzerland\/?page_id=42","menu_order":1,"post_type":"page","post_mime_type":"","comment_count":"0","filter":"raw"},"story_three_selection":"select","related_content_item_three":{"ID":36,"post_author":"974","post_date":"2026-02-24 14:08:21","post_date_gmt":"2026-02-24 13:08:21","post_content":"<!-- wp:acf\/hero-block {\"name\":\"acf\/hero-block\",\"data\":{\"mco_hero_block_tagline_text\":\"\",\"_mco_hero_block_tagline_text\":\"mco_hero_block_tagline_text\",\"mco_hero_block_ttle\":\"Verantwortung\",\"_mco_hero_block_ttle\":\"mco_hero_block_title\",\"mco_hero_block_description\":\"Unternehmensverantwortung ist f\u00fcr MSD die Verpflichtung, innovative L\u00f6sungen f\u00fcr Gesundheitsprobleme auf der ganzen Welt zu finden.\",\"_mco_hero_block_description\":\"mco_hero_block_description\",\"mco_hero_block_image_url\":2292,\"_mco_hero_block_image_url\":\"mco_hero_block_image_url\",\"mco_hero_block_image_small_url\":\"\",\"_mco_hero_block_image_small_url\":\"mco_hero_block_image_small_url\",\"mco_hero_block_button_cta\":\"\",\"_mco_hero_block_button_cta\":\"mco_hero_block_button_cta\",\"video_hosting_selection\":\"select\",\"_video_hosting_selection\":\"takeover_block_video_type\"},\"mode\":\"edit\",\"className\":\"mobile-mb-1\"} \/-->\n\n<!-- wp:acf\/title-block {\"name\":\"acf\/title-block\",\"data\":{\"title\":\"Wir \u00fcbernehmen Verantwortung\",\"_title\":\"mco_title_block_title\",\"description\":\"Unser globaler Corporate Responsibility Ansatz orientiert sich an der Mission und den Werten des Unternehmens. Er zeigt unser Verantwortungsbewusstsein gegen\u00fcber der Gesellschaft, den Mitarbeitenden, der Umwelt und im wirtschaftlichen Umfeld.\\r\\n\\r\\n\\u003ca href=\\u0022https:\/\/www.msdresponsibility.com\/\\u0022 target=\\u0022_blank\\u0022 rel=\\u0022noopener\\u0022\\u003eZur globalen MSD Responsibility Website\\u003c\/a\\u003e\",\"_description\":\"mco_title_block_description\",\"content_label\":\"\",\"_content_label\":\"mco_title_block_content_label\",\"cta_one\":\"\",\"_cta_one\":\"mco_title_block_cta_one\",\"cta_two\":\"\",\"_cta_two\":\"mco_title_block_cta_two\",\"image\":\"\",\"_image\":\"mco_title_block_image\"},\"align\":\"center\",\"mode\":\"edit\",\"className\":\"mobile-mt-1\"} \/-->\n\n<!-- wp:acf\/content-block {\"name\":\"acf\/content-block\",\"data\":{\"negative_style\":\"0\",\"_negative_style\":\"content_block_negative\",\"content_selection\":\"static\",\"_content_selection\":\"content_selction_method\",\"content_block_image\":3268,\"_content_block_image\":\"content_block_image\",\"content_block_heading\":\"MSD for Mothers\",\"_content_block_heading\":\"content_block_heading\",\"content_block_body\":\"MSD for Mothers ist unser internationales, auf 10 Jahre angelegtes Programm zur Senkung der M\u00fcttersterblichkeit w\u00e4hrend Schwangerschaft und Geburt. Zusammen mit Partnern arbeiten wir an transformativen L\u00f6sungen, um nachhaltige Gesundheitssysteme zu st\u00e4rken. Dabei konzentrieren wir uns auf die Verbesserung des Zugangs zu qualitativer Gesundheitsf\u00fcrsorge f\u00fcr Frauen in Gesundheitseinrichtungen zum Zeitpunkt der Geburt und verbessern den Zugang zu modernen Verh\u00fctungsmitteln.\",\"_content_block_body\":\"content_block_body\",\"content_block_cta\":{\"title\":\"Mehr erfahren\",\"url\":\"https:\/\/www.msdformothers.com\/\",\"target\":\"_blank\"},\"_content_block_cta\":\"content_block_cta\",\"content_block_optional_cta\":\"\",\"_content_block_optional_cta\":\"content_block_optional_cta\",\"content_block_optional_tag\":\"Zugang zu Gesundheitsversorgung\",\"_content_block_optional_tag\":\"content_block_optional_tag\",\"content_block_video\":\"\",\"_content_block_video\":\"content_block_video\",\"content_media_position\":\"right\",\"_content_media_position\":\"content_media_position\",\"brightcove_account_id\":\"\",\"_brightcove_account_id\":\"bright_cove_account_id\"},\"mode\":\"preview\"} \/-->\n\n<!-- wp:acf\/content-block {\"name\":\"acf\/content-block\",\"data\":{\"negative_style\":\"0\",\"_negative_style\":\"content_block_negative\",\"content_selection\":\"static\",\"_content_selection\":\"content_selction_method\",\"content_block_image\":3269,\"_content_block_image\":\"content_block_image\",\"content_block_heading\":\"Mectizan Medikamenten-Spendenprogramm\",\"_content_block_heading\":\"content_block_heading\",\"content_block_body\":\"1987 verpflichtete sich MSD dazu, Ivermectin, ein Medikament gegen Flussblindheit und Elefantiasis, solange kostenlos zur Verf\u00fcgung zu stellen, bis die beiden Krankheiten eliminiert sind. In Kolumbien wurde dieses Ziel bereits 2013 erreicht, 2025 k\u00f6nnte dies weltweit der Fall sein.\",\"_content_block_body\":\"content_block_body\",\"content_block_cta\":{\"title\":\"Mehr erfahren\",\"url\":\"https:\/\/www.msd.com\/stories\/mectizan\/ \",\"target\":\"_blank\"},\"_content_block_cta\":\"content_block_cta\",\"content_block_optional_cta\":\"\",\"_content_block_optional_cta\":\"content_block_optional_cta\",\"content_block_optional_tag\":\"Zugang zu Gesundheitsversorgung\",\"_content_block_optional_tag\":\"content_block_optional_tag\",\"content_block_video\":\"\",\"_content_block_video\":\"content_block_video\",\"content_media_position\":\"left\",\"_content_media_position\":\"content_media_position\",\"brightcove_account_id\":\"\",\"_brightcove_account_id\":\"bright_cove_account_id\"},\"mode\":\"preview\"} \/-->\n\n<!-- wp:acf\/content-block {\"name\":\"acf\/content-block\",\"data\":{\"maintain_image_aspect_ratio\":\"0\",\"_maintain_image_aspect_ratio\":\"content_block_maintain_image_aspect_ratio\",\"negative_style\":\"0\",\"_negative_style\":\"content_block_negative\",\"content_selection\":\"static\",\"_content_selection\":\"content_selction_method\",\"content_block_image\":3270,\"_content_block_image\":\"content_block_image\",\"content_block_heading\":\"Schutz vor Medikamentenf\u00e4lschungen\",\"_content_block_heading\":\"content_block_heading\",\"content_block_body\":\"Wir unterst\u00fctzen weltweit die verst\u00e4rkte Durchsetzung bestehender Gesetze zur Bek\u00e4mpfung von F\u00e4lschungen und die Verabschiedung neuer Massnahmen zur St\u00e4rkung bestehender Gesetze und Durchsetzungsprogramme, einschliesslich verst\u00e4rkter strafrechtlicher und zivilrechtlicher Sanktionen f\u00fcr F\u00e4lscher.\",\"_content_block_body\":\"content_block_body\",\"content_block_cta\":{\"title\":\"Mehr erfahren\",\"url\":\"https:\/\/www.msd.com\/patients\/fighting-counterfeit-medicine\/\",\"target\":\"_blank\"},\"_content_block_cta\":\"content_block_cta\",\"content_block_aria_label\":\"\",\"_content_block_aria_label\":\"content_block_aria_label\",\"content_block_cta_button_style\":\"\",\"_content_block_cta_button_style\":\"content_block_cta_button_style_cf4f3fd32dc26ec4ba7a6c14e51289c8\",\"content_block_optional_cta\":\"\",\"_content_block_optional_cta\":\"content_block_optional_cta\",\"content_block_optional_cta_aria_label\":\"\",\"_content_block_optional_cta_aria_label\":\"content_block_optional_cta_aria_label\",\"content_block_optional_cta_button_style\":\"\",\"_content_block_optional_cta_button_style\":\"content_block_optional_cta_button_style_d7b3517ac72218a3fb8daa4bc7def7a4\",\"content_block_optional_tag\":\"Produktintegrit\u00e4t\",\"_content_block_optional_tag\":\"content_block_optional_tag\",\"content_block_video\":\"\",\"_content_block_video\":\"content_block_video\",\"content_media_position\":\"right\",\"_content_media_position\":\"content_media_position\",\"brightcove_account_id\":\"\",\"_brightcove_account_id\":\"bright_cove_account_id\",\"content_block_video_accessible_name\":\"\",\"_content_block_video_accessible_name\":\"content_block_video_accessible_name\",\"content_block_play_button_accessible_name\":\"\",\"_content_block_play_button_accessible_name\":\"content_block_play_button_accessible_name\",\"content_block_popup_accessible_name\":\"\",\"_content_block_popup_accessible_name\":\"content_block_popup_accessible_name\",\"content_block_popup_close_button_accessible_name\":\"\",\"_content_block_popup_close_button_accessible_name\":\"content_block_popup_close_button_accessible_name\"},\"mode\":\"preview\"} \/-->\n\n<!-- wp:acf\/content-block {\"name\":\"acf\/content-block\",\"data\":{\"negative_style\":\"0\",\"_negative_style\":\"content_block_negative\",\"content_selection\":\"static\",\"_content_selection\":\"content_selction_method\",\"content_block_image\":3271,\"_content_block_image\":\"content_block_image\",\"content_block_heading\":\"Unsere Werte\",\"_content_block_heading\":\"content_block_heading\",\"content_block_body\":\"Unsere Werte bilden den Kern unseres Charakters. Sie leiten jede unserer Entscheidungen und Handlungen.\",\"_content_block_body\":\"content_block_body\",\"content_block_cta\":{\"title\":\"Mehr erfahren\",\"url\":\"https:\/\/www.msd.ch\/de\/home\/about-us\/our-values\/\",\"target\":\"_blank\"},\"_content_block_cta\":\"content_block_cta\",\"content_block_optional_cta\":\"\",\"_content_block_optional_cta\":\"content_block_optional_cta\",\"content_block_optional_tag\":\"Kultur \\u0026 Werte\",\"_content_block_optional_tag\":\"content_block_optional_tag\",\"content_block_video\":\"\",\"_content_block_video\":\"content_block_video\",\"content_media_position\":\"left\",\"_content_media_position\":\"content_media_position\",\"brightcove_account_id\":\"\",\"_brightcove_account_id\":\"bright_cove_account_id\"},\"mode\":\"preview\"} \/-->\n\n<!-- wp:acf\/content-block {\"name\":\"acf\/content-block\",\"data\":{\"maintain_image_aspect_ratio\":\"0\",\"_maintain_image_aspect_ratio\":\"content_block_maintain_image_aspect_ratio\",\"negative_style\":\"0\",\"_negative_style\":\"content_block_negative\",\"content_selection\":\"static\",\"_content_selection\":\"content_selction_method\",\"content_block_image\":3276,\"_content_block_image\":\"content_block_image\",\"content_block_heading\":\"Unser Anspruch, Wirkung zu schaffen\",\"_content_block_heading\":\"content_block_heading\",\"content_block_body\":\"Nachhaltigkeit und globale Gesundheit sind fest in der Strategie von MSD verankert. Wir verbinden verantwortungsvolles Handeln mit Innovation, setzen uns daf\u00fcr ein, den Zugang zur Gesundheitsversorgung nachhaltig zu verbessern, f\u00f6rdern eine vielf\u00e4ltige Unternehmenskultur und verfolgen ambitionierte Umweltziele.\",\"_content_block_body\":\"content_block_body\",\"content_block_cta\":{\"title\":\"Mehr erfahren\",\"url\":\"https:\/\/www.msd.ch\/de\/home\/about-us\/responsibility\/msd-switzerland-sustainability-and-global-health\/\",\"target\":\"_blank\"},\"_content_block_cta\":\"content_block_cta\",\"content_block_aria_label\":\"\",\"_content_block_aria_label\":\"content_block_aria_label\",\"content_block_cta_button_style\":\"\",\"_content_block_cta_button_style\":\"content_block_cta_button_style_cf4f3fd32dc26ec4ba7a6c14e51289c8\",\"content_block_optional_cta\":\"\",\"_content_block_optional_cta\":\"content_block_optional_cta\",\"content_block_optional_cta_aria_label\":\"\",\"_content_block_optional_cta_aria_label\":\"content_block_optional_cta_aria_label\",\"content_block_optional_cta_button_style\":\"\",\"_content_block_optional_cta_button_style\":\"content_block_optional_cta_button_style_d7b3517ac72218a3fb8daa4bc7def7a4\",\"content_block_optional_tag\":\"Nachhaltigkeit und globale Gesundheit\",\"_content_block_optional_tag\":\"content_block_optional_tag\",\"content_block_video\":\"\",\"_content_block_video\":\"content_block_video\",\"content_media_position\":\"right\",\"_content_media_position\":\"content_media_position\",\"brightcove_account_id\":\"\",\"_brightcove_account_id\":\"bright_cove_account_id\",\"content_block_video_accessible_name\":\"\",\"_content_block_video_accessible_name\":\"content_block_video_accessible_name\",\"content_block_play_button_accessible_name\":\"\",\"_content_block_play_button_accessible_name\":\"content_block_play_button_accessible_name\",\"content_block_popup_accessible_name\":\"\",\"_content_block_popup_accessible_name\":\"content_block_popup_accessible_name\",\"content_block_popup_close_button_accessible_name\":\"\",\"_content_block_popup_close_button_accessible_name\":\"content_block_popup_close_button_accessible_name\"},\"mode\":\"edit\"} \/-->\n\n<!-- wp:heading {\"textAlign\":\"center\"} -->\n<h2 class=\"wp-block-heading has-text-align-center\">Transparenz<\/h2>\n<!-- \/wp:heading -->\n\n<!-- wp:paragraph {\"align\":\"center\"} -->\n<p class=\"has-text-align-center\">Transparenz ist ein Eckpfeiler der Unternehmensreputation von MSD. Wir unterst\u00fctzen die Bem\u00fchungen der European Federation of Pharmaceutical Industries and Associations (EFPIA), die Transparenz in der Pharmabranche zu erh\u00f6hen.<\/p>\n<!-- \/wp:paragraph -->\n\n<!-- wp:columns -->\n<div class=\"wp-block-columns\"><!-- wp:column {\"width\":\"50%\"} -->\n<div class=\"wp-block-column\" style=\"flex-basis:50%\"><!-- wp:paragraph {\"align\":\"center\"} -->\n<p class=\"has-text-align-center\"><a href=\"https:\/\/www.msd.ch\/de\/home\/about-us\/responsibility\/transparency\/\" data-type=\"page\" data-id=\"38\">Unterst\u00fctzung von Patientenorganisationen<\/a><\/p>\n<!-- \/wp:paragraph --><\/div>\n<!-- \/wp:column -->\n\n<!-- wp:column {\"width\":\"50%\"} -->\n<div class=\"wp-block-column\" style=\"flex-basis:50%\"><!-- wp:paragraph {\"align\":\"center\"} -->\n<p class=\"has-text-align-center\"><a href=\"https:\/\/www.msd.ch\/de\/home\/about-us\/responsibility\/transparency\/\" data-type=\"page\" data-id=\"38\">Offenlegung geldwerter Leistungen<\/a><\/p>\n<!-- \/wp:paragraph --><\/div>\n<!-- \/wp:column --><\/div>\n<!-- \/wp:columns -->\n\n<!-- wp:paragraph -->\n<p><sub>CH-NON-00945, 02\/2026<\/sub><\/p>\n<!-- \/wp:paragraph -->","post_title":"Verantwortung","post_excerpt":"","post_status":"publish","comment_status":"closed","ping_status":"closed","post_password":"","post_name":"responsibility","to_ping":"","pinged":"","post_modified":"2026-02-24 14:29:29","post_modified_gmt":"2026-02-24 13:29:29","post_content_filtered":"","post_parent":7768,"guid":"https:\/\/vip2-msd.com\/switzerland\/?page_id=36","menu_order":3,"post_type":"page","post_mime_type":"","comment_count":"0","filter":"raw"},"scroll-to-top":false,"subheader_title":"Zum vierten Mal in Folge wurde MSD Schweiz mit dem Swiss LGBTI-Label ausgezeichnet - einer Zertifizierung, die Unternehmen und Organisationen mit einer offenen, inklusiven und wertsch\u00e4tzenden Unternehmenskultur verliehen wird.","secondary_image":false,"video_hosting_selection":"youtube","youtube_url":"","primary_cta":"Read more","secondary_cta":"","page_text_direction_selection":"ltr","show_image_captions":false,"heading_level":"","video_accessible_name":"","primary_cta_aria_label":"","secondary_cta_aria_label":""}},"_links":{"self":[{"href":"https:\/\/www.msd.ch\/de\/wp-json\/wp\/v2\/story\/3540","targetHints":{"allow":["GET"]}}],"collection":[{"href":"https:\/\/www.msd.ch\/de\/wp-json\/wp\/v2\/story"}],"about":[{"href":"https:\/\/www.msd.ch\/de\/wp-json\/wp\/v2\/types\/story"}],"version-history":[{"count":34,"href":"https:\/\/www.msd.ch\/de\/wp-json\/wp\/v2\/story\/3540\/revisions"}],"predecessor-version":[{"id":12553,"href":"https:\/\/www.msd.ch\/de\/wp-json\/wp\/v2\/story\/3540\/revisions\/12553"}],"wp:featuredmedia":[{"embeddable":true,"href":"https:\/\/www.msd.ch\/de\/wp-json\/wp\/v2\/media\/9801"}],"wp:attachment":[{"href":"https:\/\/www.msd.ch\/de\/wp-json\/wp\/v2\/media?parent=3540"}],"wp:term":[{"taxonomy":"post_tag","embeddable":true,"href":"https:\/\/www.msd.ch\/de\/wp-json\/wp\/v2\/tags?post=3540"},{"taxonomy":"content_topic","embeddable":true,"href":"https:\/\/www.msd.ch\/de\/wp-json\/wp\/v2\/content_topic?post=3540"},{"taxonomy":"Admin Field","embeddable":true,"href":"https:\/\/www.msd.ch\/de\/wp-json\/wp\/v2\/admin_field?post=3540"}],"curies":[{"name":"wp","href":"https:\/\/api.w.org\/{rel}","templated":true}]}}