{"id":8182,"date":"2025-02-04T06:00:00","date_gmt":"2025-02-04T04:00:00","guid":{"rendered":"https:\/\/www.msd.ch\/fr\/?post_type=news_item&#038;p=8182"},"modified":"2026-03-10T16:02:05","modified_gmt":"2026-03-10T14:02:05","slug":"cancer-chez-les-jeunes-adultes-il-devient-urgent-dagir","status":"publish","type":"news_item","link":"https:\/\/www.msd.ch\/fr\/news\/cancer-chez-les-jeunes-adultes-il-devient-urgent-dagir\/","title":{"rendered":"Cancer chez les jeunes adultes: il devient urgent d\u2019agir"},"content":{"rendered":"\n<p class=\"has-text-align-right\"><a href=\"https:\/\/www.msd.ch\/fr\/home\/news\/\">&gt;&gt; Tous les communiqu\u00e9s de presse<\/a><\/p>\n\n\n\n<p><strong>Lucerne, le 4\u00a0f\u00e9vrier\u00a02025 \u2013 Dans le monde, les personnes touch\u00e9es par le cancer sont de plus en plus jeunes: en 2019, plus d\u2019un million de personnes de moins de 50\u00a0ans dans le monde sont d\u00e9c\u00e9d\u00e9es en raison d\u2019un cancer, soit pr\u00e8s d\u2019un tiers de plus qu\u2019en 1990<\/strong><sup>1<\/sup><strong>. \u00c0 l\u2019occasion de la Journ\u00e9e mondiale contre le cancer du 4\u00a0f\u00e9vrier\u00a02025, dont la 25<sup>e<\/sup>\u00a0\u00e9dition est plac\u00e9e sous le th\u00e8me \u00abUnis par l\u2019Unique\u00bb (\u00abUnited by Unique\u00bb)<sup>2<\/sup>, MSD Suisse (MSD Merck Sharp &amp; Dohme SA) souhaite attirer l\u2019attention sur cette \u00e9volution et mettre en avant les offres de soutien compl\u00e8tes et individuelles destin\u00e9es aux jeunes adultes concern\u00e9s.<\/strong><\/p>\n\n\n\n<figure class=\"wp-block-image size-full is-style-default\"><img loading=\"lazy\" decoding=\"async\" width=\"3864\" height=\"2576\" src=\"https:\/\/www.msd.ch\/fr\/wp-content\/uploads\/sites\/87\/2025\/02\/Une-mere-atteinte-de-cancer-etreint-sa-fille.jpg\" alt=\"\" class=\"wp-image-8183\"\/><\/figure>\n\n\n\n<p class=\"has-small-font-size\"><strong>Ill. <\/strong>En Suisse, 2000&nbsp;jeunes adultes re\u00e7oivent un diagnostic de cancer chaque ann\u00e9e<sup>4<\/sup> (photo: iStock)<\/p>\n\n\n\n<p>Pendant longtemps, le cancer \u00e9tait consid\u00e9r\u00e9 comme une maladie li\u00e9e \u00e0 l\u2019\u00e2ge. Or, les chiffres actuels montrent une augmentation significative des cas chez les jeunes adultes. Dans le monde, l\u2019incidence du cancer chez les moins de 50&nbsp;ans a grimp\u00e9 de pr\u00e8s de 80% entre 1990 et 2019<sup>1<\/sup>. Le chiffre a particuli\u00e8rement augment\u00e9 pour les moins de 50&nbsp;ans atteints d\u2019un cancer du sein, de l\u2019intestin, du pancr\u00e9as ou du rein<sup>3<\/sup>.<\/p>\n\n\n\n<h2 class=\"wp-block-heading\">4&nbsp;f\u00e9vrier&nbsp;2025: 25<sup>e<\/sup> Journ\u00e9e mondiale contre le cancer<\/h2>\n\n\n\n<p>Le th\u00e8me \u00abUnis par l\u2019Unique\u00bb (\u00abUnited by Unique\u00bb) illustre le lien qui unit tous les patients et patientes atteints de cancer \u00e0 travers leur diagnostic, tout en mettant en lumi\u00e8re les besoins individuels et la prise en charge personnalis\u00e9e n\u00e9cessaire pour chacune et chacun<sup>2<\/sup>, y compris les jeunes adultes atteints du cancer.<\/p>\n\n\n\n<p>Selon les statistiques mondiales actuelles relatives au cancer (1990\u20122019), le cancer du sein repr\u00e9sente 11,7% de tous les cancers avec 2,3&nbsp;millions de nouveaux cas, suivi par le cancer du poumon (11,4%) et le cancer de l\u2019intestin (10,0%). Le cancer du poumon est la cause principale des cas de d\u00e9c\u00e8s (1,8&nbsp;million de d\u00e9c\u00e8s, 18%), suivi du cancer de l\u2019intestin (9,4%) et du cancer du foie (8,3%)<sup>1<\/sup>. Les causes sont quant \u00e0 elles vari\u00e9es: les chercheurs estiment que le changement des habitudes de vie, les facteurs environnementaux ainsi que les pr\u00e9dispositions g\u00e9n\u00e9tiques jouent un r\u00f4le<sup>5<\/sup>.<\/p>\n\n\n\n<h2 class=\"wp-block-heading\">Cancer chez les jeunes adultes: entre traitement et espoir<\/h2>\n\n\n\n<p>D\u2019apr\u00e8s la Ligue contre le cancer,<strong> pr\u00e8s de 2000&nbsp;adultes re\u00e7oivent chaque ann\u00e9e un diagnostic de cancer en Suisse<\/strong><sup>4<\/sup>. Un tel diagnostic frappe g\u00e9n\u00e9ralement les jeunes adultes au c\u0153ur d\u2019une phase marquante de leur vie : pendant leurs \u00e9tudes, au d\u00e9but de leur carri\u00e8re professionnelle, au moment de penser \u00e0 fonder une famille. La maladie peut interrompre brutalement leurs projets de vie et \u00eatre associ\u00e9e \u00e0 un lourd fardeau psychosocial en plus du stress physique consid\u00e9rable. Les questions de fertilit\u00e9, la gestion des effets \u00e0 long terme du traitement et le retour \u00e0 la vie normale font partie des principaux d\u00e9fis \u00e0 relever<sup>6<\/sup>.<\/p>\n\n\n\n<h2 class=\"wp-block-heading\">Les offres psychosociales sont indispensables pour les jeunes concern\u00e9s<\/h2>\n\n\n\n<p>Pour les jeunes concern\u00e9s, les offres de soutien psychosocial sont tout aussi importantes que les traitements m\u00e9dicaux<sup>7<\/sup>. Elles aident \u00e0 surmonter les d\u00e9fis \u00e9motionnels et sociaux et servent de rep\u00e8res dans une situation de vie incertaine. Ces offres peuvent englober des conseils psycho(onco)logiques, un soutien pour la r\u00e9int\u00e9gration professionnelle et des conseils sur la planification familiale<sup>7<\/sup>.<\/p>\n\n\n\n<h2 class=\"wp-block-heading\">Le 3<sup>e<\/sup> <a>Moniteur des soins contre le cancer<\/a> (\u00abKrebsversorgungsmonitor\u00bb) confirme les lacunes en mati\u00e8re de soutien psychologique ainsi que de services de conseil avant et apr\u00e8s<sup>8<\/sup><\/h2>\n\n\n\n<p>En Suisse, il subsiste un manque d\u2019offres suffisantes et de services sp\u00e9cialis\u00e9s destin\u00e9s aux jeunes patientes et patients atteints de cancer. Les r\u00e9sultats du 3<sup>e<\/sup> Moniteur des soins contre le cancer, r\u00e9alis\u00e9 par l\u2019institut de recherche <em>gfs.bern<\/em> sur mandat de MSD Suisse sous la forme d\u2019une enqu\u00eate repr\u00e9sentative (avec 1255&nbsp;entretiens quantitatifs et 15&nbsp;entretiens qualitatifs d\u00e9taill\u00e9s men\u00e9s avec des personnes atteintes de cancer dans toute la Suisse entre le 6 septembre et le 28&nbsp;novembre&nbsp;2023), r\u00e9v\u00e8lent ainsi une lacune existante en mati\u00e8re de soutien psychologique ainsi que de services de conseil en amont et en aval de la prise en charge du cancer<sup>8<\/sup>.<\/p>\n\n\n\n<p>Malgr\u00e9 quelques initiatives, la couverture des besoins sp\u00e9cifiques des jeunes classes d\u2019\u00e2ge reste insuffisante. Des offres sp\u00e9cialis\u00e9es comme le programme AYA (\u00abAdolescents and Young Adults with Cancer\u00bb) de la Ligue contre le cancer des deux B\u00e2les constituent une premi\u00e8re \u00e9tape pour r\u00e9pondre aux besoins particuliers des personnes concern\u00e9es \u00e2g\u00e9es de 15 \u00e0 39&nbsp;ans<sup>9<\/sup>. En outre, les diff\u00e9rentes ligues cantonales contre le cancer proposent des services de conseil d\u00e9di\u00e9s aux besoins des jeunes patientes et patients, par exemple en cas de questions sur la fertilit\u00e9 ou la r\u00e9int\u00e9gration professionnelle<sup>9,10<\/sup>.<\/p>\n\n\n\n<p>N\u00e9anmoins, en d\u00e9pit de ces initiatives, la lacune en mati\u00e8re de prise en charge psychosociale reste cons\u00e9quente. En effet, la plupart des offres sont limit\u00e9es au niveau local et ne sont pas accessibles \u00e0 toutes les personnes concern\u00e9es. Il est urgent de proposer une prise en charge sur l\u2019ensemble du territoire avec des services con\u00e7us sp\u00e9cifiquement pour les jeunes adultes. Ce n\u2019est qu\u2019avec un accompagnement global qu\u2019ils pourront retrouver une vie autonome et \u00e9panouie malgr\u00e9 leur maladie.<\/p>\n\n\n\n<h2 class=\"wp-block-heading\">Campagne \u00abTrouver les bons mots : communiquer avec les personnes touch\u00e9es par le cancer\u00bb<sup>11<\/sup><\/h2>\n\n\n\n<p>Pour les personnes non concern\u00e9es qui souhaitent trouver les bons mots et ne pas se montrer trop intrusives, la communication et l\u2019\u00e9change avec des personnes touch\u00e9es par le cancer ne sont pas toujours simples<sup>11<\/sup>. Avec AstraZeneca, Bayer et BMS, MSD Suisse soutient la campagne de la plateforme destin\u00e9e aux patients \u00ab Vivre avec le cancer \u00bb, qui offre des conseils pour communiquer avec les personnes touch\u00e9es par le cancer<sup>12<\/sup>.<\/p>\n\n\n\n<h2 class=\"wp-block-heading\">MSD s\u2019engage dans la lutte contre le cancer<\/h2>\n\n\n\n<p>L\u2019entreprise MSD a une longue histoire dans le d\u00e9veloppement de m\u00e9dicaments innovants. Dans le domaine de l\u2019oncologie, MSD se concentre sur l\u2019immunoth\u00e9rapie qui vise \u00e0 activer le syst\u00e8me immunitaire du corps pour lutter contre les tumeurs. Gr\u00e2ce \u00e0 un vaste programme de recherche comptant plus de 1600&nbsp;\u00e9tudes cliniques, MSD fait preuve d\u2019un solide engagement dans les domaines de la recherche et du d\u00e9veloppement. Le portefeuille englobe actuellement des m\u00e9dicaments oncologiques pour le traitement de diff\u00e9rents types de cancer et de maladies associ\u00e9es au traitement du cancer.<\/p>\n\n\n\n<p><strong>La Journ\u00e9e mondiale contre le cancer repr\u00e9sente une opportunit\u00e9 pour sensibiliser davantage le public sur ces questions et souligner l\u2019importance d\u2019un soutien global aux jeunes patientes et patients atteints de cancer. Soci\u00e9t\u00e9, recherche et syst\u00e8me de sant\u00e9 \u2013 tous sont appel\u00e9s \u00e0 \u0153uvrer pour fa\u00e7onner un futur dans lequel aucune personne atteinte de cancer n\u2019est mise de c\u00f4t\u00e9. <\/strong><strong><\/strong><\/p>\n\n\n\n<h2 class=\"wp-block-heading\">L\u2019engagement de MSD contre les cancers en Suisse (\u00e9tat: janvier&nbsp;2025)<sup>13<\/sup><\/h2>\n\n\n\n<ul class=\"wp-block-list\">\n<li>37&nbsp;\u00e9tudes cliniques sont men\u00e9es sur des m\u00e9dicaments anticanc\u00e9reux en Suisse<\/li>\n\n\n\n<li>Env. 500&nbsp;patientes et patients participent actuellement \u00e0 des \u00e9tudes cliniques en Suisse<\/li>\n\n\n\n<li>Plus de 12&nbsp;types de cancer diff\u00e9rents font l\u2019objet d\u2019\u00e9tudes cliniques en Suisse<\/li>\n<\/ul>\n\n\n\n<h2 class=\"wp-block-heading\">R\u00e9f\u00e9rences: <\/h2>\n\n\n\n<ol class=\"wp-block-list\">\n<li>Zao J et al. Global trends in incidence, death, burden and risk factors of early-onset cancer from 1990 to 2019. BMJ Oncology 2023;2:e000049. <\/li>\n\n\n\n<li>UICC. Union for International Cancer Control (UICC). World Cancer Day 2025. Disponible \u00e0: <a href=\"https:\/\/www.worldcancerday.org\/\">https:\/\/www.worldcancerday.org\/<\/a>, Derni\u00e8rement consult\u00e9: 16 janvier 2025.<strong> <\/strong><\/li>\n\n\n\n<li>Ugai T et al. Is early-onset cancer an emerging global epidemic? Current evidence and future implications. Nat Rev Clin Oncol. 2022 Oct;19(10):656-673. <\/li>\n\n\n\n<li>Krebsliga Z\u00fcrich. Metamorphosis: Junge Krebsbetroffene erz\u00e4hlen ihre Geschichte. Disponible \u00e0: <a href=\"https:\/\/zuerich.krebsliga.ch\/metamorphosis-junge-krebsbetroffene\">https:\/\/zuerich.krebsliga.ch\/metamorphosis-junge-krebsbetroffene<\/a>, Derni\u00e8rement consult\u00e9: 20 janvier 2025. <\/li>\n\n\n\n<li>Ogino S et al. The global epidemic of early-onset cancer: nature, nurture, or both? Ann Oncol. 2024 Dec;35(12):1071-1073. <\/li>\n\n\n\n<li>Brock H et al. Besonderheiten und Herausforderungen junger Krebs\u00fcberlebender. Onkologe 27; 2021: 777\u2013782. <\/li>\n\n\n\n<li>Richter D. Herausforderungen bei jungen onkologischen Patienten. Im Fokus Onkologie 24, 3 (2021). <\/li>\n\n\n\n<li>gfs bern. Krebsversorgungsmonitor 2023: Menschlichkeit als Schl\u00fcssel bei der Krebsbehandlung. Dezember 2023. Disponible \u00e0: <a href=\"https:\/\/cockpit.gfsbern.ch\/de\/cockpit\/krebsversorgungsmonitor-2023\/\">https:\/\/cockpit.gfsbern.ch\/de\/cockpit\/krebsversorgungsmonitor-2023\/<\/a>. Derni\u00e8rement consult\u00e9: 20 janvier 2025. <\/li>\n\n\n\n<li>Krebsliga beider Basel. Adolescents and Young Adults with Cancer (AYA)-Programm. Disponible \u00e0: <a href=\"https:\/\/basel.krebsliga.ch\/beratung\/jung-und-krebs\/aya-programm\">https:\/\/basel.krebsliga.ch\/beratung\/jung-und-krebs\/aya-programm<\/a>. Derni\u00e8rement consult\u00e9: 20. Januar 2025. <\/li>\n\n\n\n<li>Krebsliga Schweiz. Beratung &amp; Unterst\u00fctzung. Disponible \u00e0: <a href=\"https:\/\/www.krebsliga.ch\/beratung-unterstuetzung\">https:\/\/www.krebsliga.ch\/beratung-unterstuetzung<\/a><strong>. <\/strong>Derni\u00e8rement consult\u00e9: 16 janvier 2025.<strong> <\/strong><\/li>\n\n\n\n<li>Leben mit Krebs. Kommunikation: Die richtigen Worte finden: Kommunikation mit Krebsbetroffenen. Disponible \u00e0: <a href=\"https:\/\/lebenmitkrebs.ch\/article\/richtige-worte-finden\">https:\/\/lebenmitkrebs.ch\/article\/richtige-worte-finden<\/a>, Derni\u00e8rement consult\u00e9: 20 janvier 2025.<\/li>\n\n\n\n<li>Leben mit Krebs. Die Plattform f\u00fcr weniger Tabuthemen und mehr gut informierte Betroffene. Disponible \u00e0: <a href=\"https:\/\/lebenmitkrebs.ch\/\">https:\/\/lebenmitkrebs.ch\/.<\/a> Derni\u00e8rement consult\u00e9: 20 janvier 2025. <\/li>\n\n\n\n<li>Website MSD Schweiz. Onkologie. Disponible \u00e0: <a href=\"https:\/\/www.msd.ch\/de\/home\/about-us\/areas-of-focus\/oncology\/\">https:\/\/www.msd.ch\/de\/home\/about-us\/areas-of-focus\/oncology\/<\/a>. Derni\u00e8rement consult\u00e9: 20 janvier 2025.<\/li>\n<\/ol>\n\n\n\n<h2 class=\"wp-block-heading\">Liens vers de plus amples informations:<\/h2>\n\n\n\n<ul class=\"wp-block-list\">\n<li>Ligue suisse contre le cancer, <a href=\"http:\/\/www.krebsliga.ch\">www.liguecancer.ch<\/a><\/li>\n\n\n\n<li>Ligue contre le cancer de Zurich, rencontres pour les jeunes touch\u00e9s par le cancer, <a href=\"http:\/\/www.krebsligazuerich.ch\/jungekrebsbetroffene\">www.krebsligazuerich.ch\/jungekrebsbetroffene<\/a><\/li>\n\n\n\n<li>Ligue contre le cancer des deux B\u00e2les, <a href=\"http:\/\/basel.krebsliga.ch\/beratung\/jung-und-krebs\/aya-programm\">http:\/\/basel.krebsliga.ch\/beratung\/jung-und-krebs\/aya-programm<\/a><\/li>\n\n\n\n<li>Vivre avec le cancer, https:\/\/vivreaveclecancer.ch\/<\/li>\n\n\n\n<li>MSD Sant\u00e9 Suisse: portail pour les patientes et patients atteints de cancer, <a href=\"https:\/\/www.msd-gesundheit.ch\/de\/krebs\">https:\/\/www.msd-gesundheit.ch\/fr\/cancer<\/a><\/li>\n<\/ul>\n\n\n\n<p><\/p>\n\n\n\n<h2 class=\"wp-block-heading\">MSD en Suisse&nbsp;&nbsp;&nbsp;&nbsp;&nbsp;&nbsp;&nbsp;&nbsp;&nbsp;&nbsp;&nbsp;&nbsp;&nbsp;&nbsp;&nbsp;&nbsp;&nbsp;&nbsp;&nbsp;&nbsp;&nbsp;&nbsp;&nbsp;&nbsp;&nbsp;&nbsp;&nbsp;&nbsp;&nbsp;&nbsp;&nbsp;&nbsp;&nbsp;&nbsp;&nbsp;&nbsp;&nbsp;&nbsp;&nbsp;&nbsp;&nbsp;&nbsp;&nbsp;&nbsp;&nbsp;&nbsp;&nbsp;&nbsp;&nbsp;&nbsp;&nbsp;<\/h2>\n\n\n\n<p>En Suisse, MSD emploie environ 1\u2019000&nbsp;personnes dans cinq sites dans les cantons de Lucerne et de Zurich. Dans \u00ab The Circle\u00bb, sur notre site de Zurich, nous exploitons un centre d&#8217;innovation et de d\u00e9veloppement mondial. Nos principaux domaines th\u00e9rapeutiques sont l&#8217;oncologie, les maladies infectieuses, l&#8217;immunologie et le diab\u00e8te. Nous disposons en outre d&#8217;une large gamme de vaccins pour la pr\u00e9vention de maladies chez l&#8217;enfant, l&#8217;adolescent et l&#8217;adulte. La Suisse fait partie du programme de recherche clinique international de MSD avec plus de 40&nbsp;\u00e9tudes cliniques par an. Nous produisons des m\u00e9dicaments pour des \u00e9tudes cliniques internationales et disposons d&#8217;un laboratoire d&#8217;analyse judiciaire dans notre site de Schachen. MSD assume \u00e9galement sa responsabilit\u00e9 envers la communaut\u00e9 locale et participe notamment depuis des ann\u00e9es aux \u00ab Trendtage Gesundheit Lucerne \u00bb et au \u00ab&nbsp;Alliance Comp\u00e9tences en Sant\u00e9&nbsp;\u00bb. En 2025, MSD a \u00e9t\u00e9 \u00e9lu \u00ab Top Employer Switzerland \u00bb pour la treizi\u00e8me fois cons\u00e9cutive.<\/p>\n\n\n\n<p>Pour plus d&#8217;informations, rendez-nous visite \u00e0 l&#8217;adresse <a href=\"http:\/\/www.msd.ch\/fr\">www.msd.ch<\/a>, <a href=\"http:\/\/www.de.msd-animal-health.ch\/\">www.fr.msd-animal-health.ch<\/a>, <a href=\"https:\/\/www.msd-gesundheit.ch\/fr\">https:\/\/www.msd-gesundheit.ch\/fr<\/a> et suivez-nous sur <a href=\"https:\/\/www.linkedin.com\/company\/msdswitzerland\/?viewAsMember=true\">LinkedIn<\/a>, <a href=\"https:\/\/www.facebook.com\/msdswitzerland\">Facebook<\/a> et <a href=\"https:\/\/www.youtube.com\/channel\/UC36waRV5-_Fsb5kkUB-mP3A\">YouTube<\/a>.<\/p>\n\n\n\n<h2 class=\"wp-block-heading\">D\u00e9partement des m\u00e9dias<\/h2>\n\n\n\n<p>Antonio Ligi, Head of Communications, MSD Suisse<\/p>\n\n\n\n<p><a href=\"mailto:media.switzerland@msd.com\" target=\"_blank\" rel=\"noreferrer noopener\">media.switzerland@msd.com<\/a><\/p>\n\n\n\n<div style=\"height:40px\" aria-hidden=\"true\" class=\"wp-block-spacer\"><\/div>\n\n\n\n<p>Copyright \u00a9 2025 Merck &amp; Co., Inc., Rahway, NJ, USA et ses filiales. Tous droits r\u00e9serv\u00e9s.<\/p>\n\n\n\n<p><sup>CH-NON-02866, 01\/2025<\/sup><\/p>\n\n\n\n<p class=\"has-medium-font-size\"><a href=\"https:\/\/www.msd.ch\/fr\/home\/news\/\">&gt;&gt; Tous les communiqu\u00e9s de presse<\/a><\/p>\n","protected":false},"excerpt":{"rendered":"<p>&gt;&gt; Tous les communiqu\u00e9s de presse Lucerne, le 4\u00a0f\u00e9vrier\u00a02025 \u2013 Dans le monde, les personnes touch\u00e9es par le cancer sont de plus en plus jeunes: en 2019, plus d\u2019un million de personnes de moins de 50\u00a0ans dans le monde sont d\u00e9c\u00e9d\u00e9es en raison d\u2019un cancer, soit pr\u00e8s d\u2019un tiers de plus qu\u2019en 19901. \u00c0 l\u2019occasion [&hellip;]<\/p>\n","protected":false},"template":"","meta":{"_acf_changed":false,"bdl_company_name":[],"bdl_item_external_link":[],"footnotes":""},"tags":[30],"class_list":["post-8182","news_item","type-news_item","status-publish","hentry","tag-press-release"],"yoast_head":"<!-- This site is optimized with the Yoast SEO plugin v21.9.1 - https:\/\/yoast.com\/wordpress\/plugins\/seo\/ -->\n<title>Cancer chez les jeunes adultes: il devient urgent d\u2019agir - msd.ch<\/title>\n<meta name=\"description\" content=\"Lors de la Journ\u00e9e mondiale contre le cancer 2025, MSD Suisse souligne la n\u00e9cessit\u00e9 d&#039;un soutien complet pour les jeunes patients.\" \/>\n<meta name=\"robots\" content=\"index, follow, max-snippet:-1, max-image-preview:large, max-video-preview:-1\" \/>\n<link rel=\"canonical\" href=\"https:\/\/www.msd.ch\/fr\/news\/cancer-chez-les-jeunes-adultes-il-devient-urgent-dagir\/\" \/>\n<meta property=\"og:locale\" content=\"en_US\" \/>\n<meta property=\"og:type\" content=\"article\" \/>\n<meta property=\"og:title\" content=\"Cancer chez les jeunes adultes: il devient urgent d\u2019agir - msd.ch\" \/>\n<meta property=\"og:description\" content=\"Lors de la Journ\u00e9e mondiale contre le cancer 2025, MSD Suisse souligne la n\u00e9cessit\u00e9 d&#039;un soutien complet pour les jeunes patients.\" \/>\n<meta property=\"og:url\" content=\"https:\/\/www.msd.ch\/fr\/news\/cancer-chez-les-jeunes-adultes-il-devient-urgent-dagir\/\" \/>\n<meta property=\"og:site_name\" content=\"msd.ch\" \/>\n<meta property=\"article:modified_time\" content=\"2026-03-10T14:02:05+00:00\" \/>\n<meta property=\"og:image\" content=\"https:\/\/www.msd.ch\/fr\/wp-content\/uploads\/sites\/87\/2025\/02\/Une-mere-atteinte-de-cancer-etreint-sa-fille.jpg\" \/>\n<meta name=\"twitter:card\" content=\"summary_large_image\" \/>\n<meta name=\"twitter:label1\" content=\"Est. reading time\" \/>\n\t<meta name=\"twitter:data1\" content=\"9 minutes\" \/>\n<script type=\"application\/ld+json\" class=\"yoast-schema-graph\">{\"@context\":\"https:\/\/schema.org\",\"@graph\":[{\"@type\":\"WebPage\",\"@id\":\"https:\/\/www.msd.ch\/fr\/news\/cancer-chez-les-jeunes-adultes-il-devient-urgent-dagir\/\",\"url\":\"https:\/\/www.msd.ch\/fr\/news\/cancer-chez-les-jeunes-adultes-il-devient-urgent-dagir\/\",\"name\":\"Cancer chez les jeunes adultes: il devient urgent d\u2019agir - msd.ch\",\"isPartOf\":{\"@id\":\"https:\/\/www.msd.ch\/fr\/#website\"},\"datePublished\":\"2025-02-04T04:00:00+00:00\",\"dateModified\":\"2026-03-10T14:02:05+00:00\",\"description\":\"Lors de la Journ\u00e9e mondiale contre le cancer 2025, MSD Suisse souligne la n\u00e9cessit\u00e9 d'un soutien complet pour les jeunes patients.\",\"breadcrumb\":{\"@id\":\"https:\/\/www.msd.ch\/fr\/news\/cancer-chez-les-jeunes-adultes-il-devient-urgent-dagir\/#breadcrumb\"},\"inLanguage\":\"en-US\",\"potentialAction\":[{\"@type\":\"ReadAction\",\"target\":[\"https:\/\/www.msd.ch\/fr\/news\/cancer-chez-les-jeunes-adultes-il-devient-urgent-dagir\/\"]}]},{\"@type\":\"BreadcrumbList\",\"@id\":\"https:\/\/www.msd.ch\/fr\/news\/cancer-chez-les-jeunes-adultes-il-devient-urgent-dagir\/#breadcrumb\",\"itemListElement\":[{\"@type\":\"ListItem\",\"position\":1,\"name\":\"News\",\"item\":\"https:\/\/www.msd.ch\/fr\/news-archive\/\"},{\"@type\":\"ListItem\",\"position\":2,\"name\":\"Cancer chez les jeunes adultes: il devient urgent d\u2019agir\"}]},{\"@type\":\"WebSite\",\"@id\":\"https:\/\/www.msd.ch\/fr\/#website\",\"url\":\"https:\/\/www.msd.ch\/fr\/\",\"name\":\"msd.ch\",\"description\":\"MSD recherche et d\u00e9veloppe des m\u00e9dicaments et des vaccins pour sauver des vies et am\u00e9liorer la sant\u00e9 des patients. En Suisse, 1000 employ\u00e9s \u00e0 Lucerne et \u00e0 Zurich s&#039;engagent dans ce sens.\",\"potentialAction\":[{\"@type\":\"SearchAction\",\"target\":{\"@type\":\"EntryPoint\",\"urlTemplate\":\"https:\/\/www.msd.ch\/fr\/?s={search_term_string}\"},\"query-input\":\"required name=search_term_string\"}],\"inLanguage\":\"en-US\"}]}<\/script>\n<!-- \/ Yoast SEO plugin. -->","yoast_head_json":{"title":"Cancer chez les jeunes adultes: il devient urgent d\u2019agir - msd.ch","description":"Lors de la Journ\u00e9e mondiale contre le cancer 2025, MSD Suisse souligne la n\u00e9cessit\u00e9 d'un soutien complet pour les jeunes patients.","robots":{"index":"index","follow":"follow","max-snippet":"max-snippet:-1","max-image-preview":"max-image-preview:large","max-video-preview":"max-video-preview:-1"},"canonical":"https:\/\/www.msd.ch\/fr\/news\/cancer-chez-les-jeunes-adultes-il-devient-urgent-dagir\/","og_locale":"en_US","og_type":"article","og_title":"Cancer chez les jeunes adultes: il devient urgent d\u2019agir - msd.ch","og_description":"Lors de la Journ\u00e9e mondiale contre le cancer 2025, MSD Suisse souligne la n\u00e9cessit\u00e9 d'un soutien complet pour les jeunes patients.","og_url":"https:\/\/www.msd.ch\/fr\/news\/cancer-chez-les-jeunes-adultes-il-devient-urgent-dagir\/","og_site_name":"msd.ch","article_modified_time":"2026-03-10T14:02:05+00:00","og_image":[{"url":"https:\/\/www.msd.ch\/fr\/wp-content\/uploads\/sites\/87\/2025\/02\/Une-mere-atteinte-de-cancer-etreint-sa-fille.jpg"}],"twitter_card":"summary_large_image","twitter_misc":{"Est. reading time":"9 minutes"},"schema":{"@context":"https:\/\/schema.org","@graph":[{"@type":"WebPage","@id":"https:\/\/www.msd.ch\/fr\/news\/cancer-chez-les-jeunes-adultes-il-devient-urgent-dagir\/","url":"https:\/\/www.msd.ch\/fr\/news\/cancer-chez-les-jeunes-adultes-il-devient-urgent-dagir\/","name":"Cancer chez les jeunes adultes: il devient urgent d\u2019agir - msd.ch","isPartOf":{"@id":"https:\/\/www.msd.ch\/fr\/#website"},"datePublished":"2025-02-04T04:00:00+00:00","dateModified":"2026-03-10T14:02:05+00:00","description":"Lors de la Journ\u00e9e mondiale contre le cancer 2025, MSD Suisse souligne la n\u00e9cessit\u00e9 d'un soutien complet pour les jeunes patients.","breadcrumb":{"@id":"https:\/\/www.msd.ch\/fr\/news\/cancer-chez-les-jeunes-adultes-il-devient-urgent-dagir\/#breadcrumb"},"inLanguage":"en-US","potentialAction":[{"@type":"ReadAction","target":["https:\/\/www.msd.ch\/fr\/news\/cancer-chez-les-jeunes-adultes-il-devient-urgent-dagir\/"]}]},{"@type":"BreadcrumbList","@id":"https:\/\/www.msd.ch\/fr\/news\/cancer-chez-les-jeunes-adultes-il-devient-urgent-dagir\/#breadcrumb","itemListElement":[{"@type":"ListItem","position":1,"name":"News","item":"https:\/\/www.msd.ch\/fr\/news-archive\/"},{"@type":"ListItem","position":2,"name":"Cancer chez les jeunes adultes: il devient urgent d\u2019agir"}]},{"@type":"WebSite","@id":"https:\/\/www.msd.ch\/fr\/#website","url":"https:\/\/www.msd.ch\/fr\/","name":"msd.ch","description":"MSD recherche et d\u00e9veloppe des m\u00e9dicaments et des vaccins pour sauver des vies et am\u00e9liorer la sant\u00e9 des patients. En Suisse, 1000 employ\u00e9s \u00e0 Lucerne et \u00e0 Zurich s&#039;engagent dans ce sens.","potentialAction":[{"@type":"SearchAction","target":{"@type":"EntryPoint","urlTemplate":"https:\/\/www.msd.ch\/fr\/?s={search_term_string}"},"query-input":"required name=search_term_string"}],"inLanguage":"en-US"}]}},"acf":{"news_item_workflow_id":"","news_item_aria_label":"","media_files":null,"document_path":"","file":""},"_links":{"self":[{"href":"https:\/\/www.msd.ch\/fr\/wp-json\/wp\/v2\/news_item\/8182","targetHints":{"allow":["GET"]}}],"collection":[{"href":"https:\/\/www.msd.ch\/fr\/wp-json\/wp\/v2\/news_item"}],"about":[{"href":"https:\/\/www.msd.ch\/fr\/wp-json\/wp\/v2\/types\/news_item"}],"version-history":[{"count":5,"href":"https:\/\/www.msd.ch\/fr\/wp-json\/wp\/v2\/news_item\/8182\/revisions"}],"predecessor-version":[{"id":9110,"href":"https:\/\/www.msd.ch\/fr\/wp-json\/wp\/v2\/news_item\/8182\/revisions\/9110"}],"wp:attachment":[{"href":"https:\/\/www.msd.ch\/fr\/wp-json\/wp\/v2\/media?parent=8182"}],"wp:term":[{"taxonomy":"post_tag","embeddable":true,"href":"https:\/\/www.msd.ch\/fr\/wp-json\/wp\/v2\/tags?post=8182"}],"curies":[{"name":"wp","href":"https:\/\/api.w.org\/{rel}","templated":true}]}}