{"id":9313,"date":"2026-04-25T19:00:00","date_gmt":"2026-04-25T17:00:00","guid":{"rendered":"https:\/\/www.msd.ch\/fr\/?post_type=news_item&#038;p=9313"},"modified":"2026-04-25T21:28:00","modified_gmt":"2026-04-25T19:28:00","slug":"msd-suisse-soutient-succes-tour-de-la-ville-de-lucerne-2026","status":"publish","type":"news_item","link":"https:\/\/www.msd.ch\/fr\/news\/msd-suisse-soutient-succes-tour-de-la-ville-de-lucerne-2026\/","title":{"rendered":"MSD Suisse soutient l\u2019activit\u00e9 physique et la sant\u00e9 \u2013 Succ\u00e8s du 48\u1d49 Tour de la Ville de Lucerne 2026"},"content":{"rendered":"\n<p class=\"has-text-align-right\"><a href=\"https:\/\/www.msd.ch\/fr\/home\/news\/\">&gt;&gt; Tous les communiqu\u00e9s de presse<\/a><\/p>\n\n\n\n<h2 class=\"wp-block-heading\"><strong><strong>MSD Suisse soutient l\u2019activit\u00e9 physique et la sant\u00e9 \u2013 Succ\u00e8s du 48\u1d49 Tour de la Ville de Lucerne 2026<\/strong><\/strong><\/h2>\n\n\n\n<figure class=\"wp-block-image size-large\"><img loading=\"lazy\" decoding=\"async\" width=\"1700\" height=\"1133\" src=\"https:\/\/www.msd.ch\/fr\/wp-content\/uploads\/sites\/87\/2026\/04\/MSD-Luzerner-Stadtlauf-2026.jpg?w=1700\" alt=\"Grand groupe d\u2019adultes et d\u2019enfants en t-shirts turquoise MSD, qui posent devant des tentes vertes MSD et forment des c\u0153urs avec leurs mains lors d\u2019un \u00e9v\u00e9nement de course.\" class=\"wp-image-9321\"\/><\/figure>\n\n\n\n<p class=\"has-small-font-size\">\u00a9 Annette Schreiber<\/p>\n\n\n\n<p><strong><strong><strong>Lucerne, le 25 avril 2026 \u2013 Le 48\u1d49 Tour de la Ville de Lucerne a une nouvelle fois mis en mouvement aujourd\u2019hui des milliers de personnes de tous \u00e2ges.<\/strong><\/strong><\/strong><\/p>\n\n\n\n<p>En tant qu\u2019entreprise biopharmaceutique de premier plan \u00e0 l\u2019\u00e9chelle mondiale, avec son si\u00e8ge suisse \u00e0 Lucerne, MSD Merck Sharp &amp; Dohme AG a soutenu l\u2019\u00e9v\u00e9nement en tant que sponsor principal, r\u00e9affirmant ainsi son engagement envers la communaut\u00e9 locale et la promotion de la sant\u00e9.<\/p>\n\n\n\n<p>Chaque ann\u00e9e, le Tour de la Ville de Lucerne enthousiasme des familles, des classes d\u2019\u00e9cole, des associations et des entreprises de toutes g\u00e9n\u00e9rations autour de la course \u00e0 pied. Cette \u00e9dition a battu un record, avec plus de 15\u2019000 inscriptions. MSD a permis \u00e0 1\u2019100 enfants de participer gratuitement aux courses par \u00e9quipes destin\u00e9es aux \u00e9coles (de la 3\u1d49 \u00e0 la 6\u1d49 ann\u00e9e primaire). Ces courses font partie int\u00e9grante du programme depuis 1978 et symbolisent \u00e0 la fois le plaisir de bouger et le renforcement du vivre-ensemble.<\/p>\n\n\n\n<p><em>\u00ab Le Tour de la Ville de Lucerne rassemble les g\u00e9n\u00e9rations et cr\u00e9e une atmosph\u00e8re empreinte d\u2019un fort sentiment de communaut\u00e9 \u2013 c\u2019est ce qui rend cet \u00e9v\u00e9nement si particulier \u00bb<\/em>, d\u00e9clare Andreas Gr\u00fcter, directeur du Tour de la Ville de Lucerne. <em>\u00ab Le soutien renouvel\u00e9 de MSD montre combien la collaboration avec des partenaires solidement ancr\u00e9s dans la r\u00e9gion est essentielle pour promouvoir durablement l\u2019activit\u00e9 physique et la sant\u00e9. \u00bb<\/em><\/p>\n\n\n\n<h2 class=\"wp-block-heading\">Un engagement \u00e0 long terme en faveur de la r\u00e9gion de Lucerne<\/h2>\n\n\n\n<p>Avec l\u2019emm\u00e9nagement r\u00e9cent dans son nouveau si\u00e8ge situ\u00e9 dans le quartier de R\u00f6sslimatt \u00e0 Lucerne, MSD souligne son engagement \u00e0 long terme en Suisse centrale \u2013 non seulement en tant qu\u2019employeur, mais aussi en tant qu\u2019acteur engag\u00e9 de la communaut\u00e9 locale.<\/p>\n\n\n\n<p><em>\u00ab Le Tour de la Ville de Lucerne rassemble les personnes de la r\u00e9gion et encourage l\u2019activit\u00e9 physique \u00e0 travers toutes les g\u00e9n\u00e9rations. Soutenir cet esprit de communaut\u00e9 et le plaisir d\u2019un mode de vie actif est une priorit\u00e9 importante pour nous chez MSD \u00bb<\/em>, d\u00e9clare Jasper Kunow, Managing Director a.i. MSD Suisse.<\/p>\n\n\n\n<p>L\u2019engagement de MSD en faveur du Tour de la Ville de Lucerne refl\u00e8te une vision globale de la sant\u00e9 : la sant\u00e9 commence au quotidien \u2013 par le mouvement, les rencontres et une communaut\u00e9 locale forte.<\/p>\n\n\n\n<h2 class=\"wp-block-heading\">MSD en Suisse<\/h2>\n\n\n\n<p>MSD, une entreprise biopharmaceutique de premier plan, emploie en Suisse plus de 1\u2019000 personnes dans trois sites. Le si\u00e8ge est situ\u00e9 \u00e0 Lucerne. Sur son site de Zurich, dans \u00abThe Circle\u00bb, MSD exploite un centre mondial d&#8217;innovation et de d\u00e9veloppement. De plus \u00e0 Schachen (Canton Lucerne) nous fabriquons des m\u00e9dicaments destin\u00e9s \u00e0 des essais cliniques dans le monde entier et exploitons un laboratoire d&#8217;analyse judiciaire. MSD m\u00e8ne pr\u00e8s de 40 essais cliniques par an en Suisse. Les principaux domaines th\u00e9rapeutiques de MSD sont l&#8217;oncologie, les maladies infectieuses et les maladies cardiovasculaires et cardiom\u00e9taboliques. Nous disposons \u00e9galement d&#8217;un large portefeuille de vaccins pour pr\u00e9venir les maladies chez les enfants, les adolescents et les adultes et nous sommes l\u2019une des entreprises leaders dans le domaine de la m\u00e9decine v\u00e9t\u00e9rinaire. En outre nous prenons au s\u00e9rieux notre responsabilit\u00e9 envers la communaut\u00e9 locale et somme impliqu\u00e9s depuis des ann\u00e9es dans les \u00ab Trendtage Gesundheit Lucerne \u00bb et l\u2019\u00ab Alliance Comp\u00e9tences en Sant\u00e9 \u00bb.<\/p>\n\n\n\n<p>Pour plus d&#8217;informations, rendez-nous visite \u00e0 l&#8217;adresse <a href=\"https:\/\/www.msd.ch\/fr\">www.msd.ch<\/a>, <a href=\"https:\/\/fr.msd-animal-health.ch\" target=\"_blank\" rel=\"noreferrer noopener\">fr.msd-animal-<\/a><a href=\"http:\/\/www.msd.ch\/fr\" target=\"_blank\" rel=\"noreferrer noopener\">health.ch<\/a>, <a href=\"https:\/\/www.msd-gesundheit.ch\/fr\" target=\"_blank\" rel=\"noreferrer noopener\">www.msd-gesundheit.ch<\/a>, <a href=\"https:\/\/www.mymsd.ch\/fr\/\" target=\"_blank\" rel=\"noreferrer noopener\">www.mymsd.ch<\/a> et suivez-nous sur <a href=\"https:\/\/www.linkedin.com\/company\/msdswitzerland\/?viewAsMember=true\" target=\"_blank\" rel=\"noreferrer noopener\">LinkedIn<\/a>, <a href=\"https:\/\/www.facebook.com\/msdswitzerland\" target=\"_blank\" rel=\"noreferrer noopener\">Facebook<\/a> et <a href=\"https:\/\/www.youtube.com\/channel\/UC36waRV5-_Fsb5kkUB-mP3A\" target=\"_blank\" rel=\"noreferrer noopener\">YouTube<\/a>.<\/p>\n\n\n<div id=\"mco-g4-contact-list-block-block_60d80bd3d8015663b80952413ef21366\" class=\"mco-g4-contact-list-block mccberg-block\">\n     \n        <h2>Contact m\u00e9dia<\/h2>\n    \n    \n    <div class=\"contact-list-container\">\n                    <script>console.log(\"Antonio Ligi\")<\/script>            <div class=\"contact-item\">\n                <p>\n                    <strong>Antonio Ligi<\/strong>\n                     \n                        <br\/>\n                        <span class=\"contact-item-title\">Head of Communications<\/span>\n                                    <\/p>\n                                                <p><a href=\"tel:+41 76 203 44 96\"><svg xmlns=\"http:\/\/www.w3.org\/2000\/svg\" width=\"16\" height=\"16\" viewBox=\"0 0 16 16\">\n    <path fill=\"#00857C\" d=\"M3.543 1.023c.33-.087.674.08.809.394l1.647 3.847a.688.688 0 0 1-.141.753L4.275 7.624l4.1 4.1 1.606-1.582a.688.688 0 0 1 .756-.143l3.846 1.648a.688.688 0 0 1 .394.81l-.8 3.027a.688.688 0 0 1-.688.516 14.548 14.548 0 0 1-9.371-4.118A14.554 14.554 0 0 1 0 2.511a.688.688 0 0 1 .516-.688zM8 0a8.009 8.009 0 0 1 8 8h-1.6A6.407 6.407 0 0 0 8 1.6V0zm0 3a5.005 5.005 0 0 1 5 5h-1.667A3.333 3.333 0 0 0 8 4.667V3z\" \/>\n<title>Phone icon<\/title><\/svg>\n +41 76 203 44 96<\/a><\/p>\n                \n\n                                <p><a href=\"mailto:media.switzerland@msd.com\"><svg xmlns=\"http:\/\/www.w3.org\/2000\/svg\" width=\"16\" height=\"16\" viewBox=\"0 0 16 16\">\n    <path fill=\"#00857C\" d=\"M16 5.7V14c0 .6-.4 1-1 1H1c-.6 0-1-.4-1-1V5.7l7.5 4.2c.28.14.72.14 1 0L16 5.7zM15 1c.6 0 1 .4 1 1v1.5L8 7.9 0 3.4V2c0-.6.4-1 1-1z\" \/>\n<title>Email icon<\/title><\/svg>\n media.switzerland@msd.com<\/a><\/p>\n                            <\/div>\n            <\/div>\n<\/div>\n\n\n\n<p>MSD Merck Sharp &amp; Dohme AG, Werftestrasse 4, 6005 Lucerne. Suisse.<\/p>\n\n\n\n<p>Copyright \u00a9 2026 Merck &amp; Co., Inc., Rahway, NJ, USA et ses filiales. Tous droits r\u00e9serv\u00e9s.<\/p>\n\n\n\n<p><sup>CH-NON-03345, 04\/2026<\/sup><\/p>\n\n\n\n<p class=\"has-medium-font-size\"><a href=\"https:\/\/www.msd.ch\/fr\/home\/news\/\">&gt;&gt; Tous les communiqu\u00e9s de presse<\/a><\/p>\n","protected":false},"excerpt":{"rendered":"<p>&gt;&gt; Tous les communiqu\u00e9s de presse MSD Suisse soutient l\u2019activit\u00e9 physique et la sant\u00e9 \u2013 Succ\u00e8s du 48\u1d49 Tour de la Ville de Lucerne 2026 \u00a9 Annette Schreiber Lucerne, le 25 avril 2026 \u2013 Le 48\u1d49 Tour de la Ville de Lucerne a une nouvelle fois mis en mouvement aujourd\u2019hui des milliers de personnes de [&hellip;]<\/p>\n","protected":false},"template":"","meta":{"_acf_changed":false,"bdl_company_name":[],"bdl_item_external_link":[],"footnotes":""},"tags":[30],"class_list":["post-9313","news_item","type-news_item","status-publish","hentry","tag-press-release"],"yoast_head":"<!-- This site is optimized with the Yoast SEO plugin v21.9.1 - https:\/\/yoast.com\/wordpress\/plugins\/seo\/ -->\n<title>Tour de la Ville de Lucerne 2026: MSD s\u2019engage pour sant\u00e9 et sport<\/title>\n<meta name=\"description\" content=\"MSD soutient le Tour de la Ville de Lucerne 2026 et promeut l\u2019activit\u00e9 physique, la sant\u00e9 et la communaut\u00e9 dans la r\u00e9gion de Lucerne.\" \/>\n<meta name=\"robots\" content=\"index, follow, max-snippet:-1, max-image-preview:large, max-video-preview:-1\" \/>\n<link rel=\"canonical\" href=\"https:\/\/www.msd.ch\/fr\/news\/msd-suisse-soutient-succes-tour-de-la-ville-de-lucerne-2026\/\" \/>\n<meta property=\"og:locale\" content=\"en_US\" \/>\n<meta property=\"og:type\" content=\"article\" \/>\n<meta property=\"og:title\" content=\"Tour de la Ville de Lucerne 2026: MSD s\u2019engage pour sant\u00e9 et sport\" \/>\n<meta property=\"og:description\" content=\"MSD soutient le Tour de la Ville de Lucerne 2026 et promeut l\u2019activit\u00e9 physique, la sant\u00e9 et la communaut\u00e9 dans la r\u00e9gion de Lucerne.\" \/>\n<meta property=\"og:url\" content=\"https:\/\/www.msd.ch\/fr\/news\/msd-suisse-soutient-succes-tour-de-la-ville-de-lucerne-2026\/\" \/>\n<meta property=\"og:site_name\" content=\"msd.ch\" \/>\n<meta property=\"article:modified_time\" content=\"2026-04-25T19:28:00+00:00\" \/>\n<meta property=\"og:image\" content=\"https:\/\/www.msd.ch\/fr\/wp-content\/uploads\/sites\/87\/2026\/04\/MSD-Luzerner-Stadtlauf-2026.jpg?w=1700\" \/>\n<meta name=\"twitter:card\" content=\"summary_large_image\" \/>\n<meta name=\"twitter:label1\" content=\"Est. reading time\" \/>\n\t<meta name=\"twitter:data1\" content=\"3 minutes\" \/>\n<script type=\"application\/ld+json\" class=\"yoast-schema-graph\">{\"@context\":\"https:\/\/schema.org\",\"@graph\":[{\"@type\":\"WebPage\",\"@id\":\"https:\/\/www.msd.ch\/fr\/news\/msd-suisse-soutient-succes-tour-de-la-ville-de-lucerne-2026\/\",\"url\":\"https:\/\/www.msd.ch\/fr\/news\/msd-suisse-soutient-succes-tour-de-la-ville-de-lucerne-2026\/\",\"name\":\"Tour de la Ville de Lucerne 2026: MSD s\u2019engage pour sant\u00e9 et sport\",\"isPartOf\":{\"@id\":\"https:\/\/www.msd.ch\/fr\/#website\"},\"datePublished\":\"2026-04-25T17:00:00+00:00\",\"dateModified\":\"2026-04-25T19:28:00+00:00\",\"description\":\"MSD soutient le Tour de la Ville de Lucerne 2026 et promeut l\u2019activit\u00e9 physique, la sant\u00e9 et la communaut\u00e9 dans la r\u00e9gion de Lucerne.\",\"breadcrumb\":{\"@id\":\"https:\/\/www.msd.ch\/fr\/news\/msd-suisse-soutient-succes-tour-de-la-ville-de-lucerne-2026\/#breadcrumb\"},\"inLanguage\":\"en-US\",\"potentialAction\":[{\"@type\":\"ReadAction\",\"target\":[\"https:\/\/www.msd.ch\/fr\/news\/msd-suisse-soutient-succes-tour-de-la-ville-de-lucerne-2026\/\"]}]},{\"@type\":\"BreadcrumbList\",\"@id\":\"https:\/\/www.msd.ch\/fr\/news\/msd-suisse-soutient-succes-tour-de-la-ville-de-lucerne-2026\/#breadcrumb\",\"itemListElement\":[{\"@type\":\"ListItem\",\"position\":1,\"name\":\"News\",\"item\":\"https:\/\/www.msd.ch\/fr\/news-archive\/\"},{\"@type\":\"ListItem\",\"position\":2,\"name\":\"MSD Suisse soutient l\u2019activit\u00e9 physique et la sant\u00e9 \u2013 Succ\u00e8s du 48\u1d49 Tour de la Ville de Lucerne 2026\"}]},{\"@type\":\"WebSite\",\"@id\":\"https:\/\/www.msd.ch\/fr\/#website\",\"url\":\"https:\/\/www.msd.ch\/fr\/\",\"name\":\"msd.ch\",\"description\":\"MSD recherche et d\u00e9veloppe des m\u00e9dicaments et des vaccins pour sauver des vies et am\u00e9liorer la sant\u00e9 des patients. En Suisse, 1000 employ\u00e9s \u00e0 Lucerne et \u00e0 Zurich s&#039;engagent dans ce sens.\",\"potentialAction\":[{\"@type\":\"SearchAction\",\"target\":{\"@type\":\"EntryPoint\",\"urlTemplate\":\"https:\/\/www.msd.ch\/fr\/?s={search_term_string}\"},\"query-input\":\"required name=search_term_string\"}],\"inLanguage\":\"en-US\"}]}<\/script>\n<!-- \/ Yoast SEO plugin. -->","yoast_head_json":{"title":"Tour de la Ville de Lucerne 2026: MSD s\u2019engage pour sant\u00e9 et sport","description":"MSD soutient le Tour de la Ville de Lucerne 2026 et promeut l\u2019activit\u00e9 physique, la sant\u00e9 et la communaut\u00e9 dans la r\u00e9gion de Lucerne.","robots":{"index":"index","follow":"follow","max-snippet":"max-snippet:-1","max-image-preview":"max-image-preview:large","max-video-preview":"max-video-preview:-1"},"canonical":"https:\/\/www.msd.ch\/fr\/news\/msd-suisse-soutient-succes-tour-de-la-ville-de-lucerne-2026\/","og_locale":"en_US","og_type":"article","og_title":"Tour de la Ville de Lucerne 2026: MSD s\u2019engage pour sant\u00e9 et sport","og_description":"MSD soutient le Tour de la Ville de Lucerne 2026 et promeut l\u2019activit\u00e9 physique, la sant\u00e9 et la communaut\u00e9 dans la r\u00e9gion de Lucerne.","og_url":"https:\/\/www.msd.ch\/fr\/news\/msd-suisse-soutient-succes-tour-de-la-ville-de-lucerne-2026\/","og_site_name":"msd.ch","article_modified_time":"2026-04-25T19:28:00+00:00","og_image":[{"url":"https:\/\/www.msd.ch\/fr\/wp-content\/uploads\/sites\/87\/2026\/04\/MSD-Luzerner-Stadtlauf-2026.jpg?w=1700"}],"twitter_card":"summary_large_image","twitter_misc":{"Est. reading time":"3 minutes"},"schema":{"@context":"https:\/\/schema.org","@graph":[{"@type":"WebPage","@id":"https:\/\/www.msd.ch\/fr\/news\/msd-suisse-soutient-succes-tour-de-la-ville-de-lucerne-2026\/","url":"https:\/\/www.msd.ch\/fr\/news\/msd-suisse-soutient-succes-tour-de-la-ville-de-lucerne-2026\/","name":"Tour de la Ville de Lucerne 2026: MSD s\u2019engage pour sant\u00e9 et sport","isPartOf":{"@id":"https:\/\/www.msd.ch\/fr\/#website"},"datePublished":"2026-04-25T17:00:00+00:00","dateModified":"2026-04-25T19:28:00+00:00","description":"MSD soutient le Tour de la Ville de Lucerne 2026 et promeut l\u2019activit\u00e9 physique, la sant\u00e9 et la communaut\u00e9 dans la r\u00e9gion de Lucerne.","breadcrumb":{"@id":"https:\/\/www.msd.ch\/fr\/news\/msd-suisse-soutient-succes-tour-de-la-ville-de-lucerne-2026\/#breadcrumb"},"inLanguage":"en-US","potentialAction":[{"@type":"ReadAction","target":["https:\/\/www.msd.ch\/fr\/news\/msd-suisse-soutient-succes-tour-de-la-ville-de-lucerne-2026\/"]}]},{"@type":"BreadcrumbList","@id":"https:\/\/www.msd.ch\/fr\/news\/msd-suisse-soutient-succes-tour-de-la-ville-de-lucerne-2026\/#breadcrumb","itemListElement":[{"@type":"ListItem","position":1,"name":"News","item":"https:\/\/www.msd.ch\/fr\/news-archive\/"},{"@type":"ListItem","position":2,"name":"MSD Suisse soutient l\u2019activit\u00e9 physique et la sant\u00e9 \u2013 Succ\u00e8s du 48\u1d49 Tour de la Ville de Lucerne 2026"}]},{"@type":"WebSite","@id":"https:\/\/www.msd.ch\/fr\/#website","url":"https:\/\/www.msd.ch\/fr\/","name":"msd.ch","description":"MSD recherche et d\u00e9veloppe des m\u00e9dicaments et des vaccins pour sauver des vies et am\u00e9liorer la sant\u00e9 des patients. En Suisse, 1000 employ\u00e9s \u00e0 Lucerne et \u00e0 Zurich s&#039;engagent dans ce sens.","potentialAction":[{"@type":"SearchAction","target":{"@type":"EntryPoint","urlTemplate":"https:\/\/www.msd.ch\/fr\/?s={search_term_string}"},"query-input":"required name=search_term_string"}],"inLanguage":"en-US"}]}},"acf":{"news_item_workflow_id":"","news_item_aria_label":"","media_files":null,"document_path":"","file":""},"_links":{"self":[{"href":"https:\/\/www.msd.ch\/fr\/wp-json\/wp\/v2\/news_item\/9313","targetHints":{"allow":["GET"]}}],"collection":[{"href":"https:\/\/www.msd.ch\/fr\/wp-json\/wp\/v2\/news_item"}],"about":[{"href":"https:\/\/www.msd.ch\/fr\/wp-json\/wp\/v2\/types\/news_item"}],"version-history":[{"count":9,"href":"https:\/\/www.msd.ch\/fr\/wp-json\/wp\/v2\/news_item\/9313\/revisions"}],"predecessor-version":[{"id":9323,"href":"https:\/\/www.msd.ch\/fr\/wp-json\/wp\/v2\/news_item\/9313\/revisions\/9323"}],"wp:attachment":[{"href":"https:\/\/www.msd.ch\/fr\/wp-json\/wp\/v2\/media?parent=9313"}],"wp:term":[{"taxonomy":"post_tag","embeddable":true,"href":"https:\/\/www.msd.ch\/fr\/wp-json\/wp\/v2\/tags?post=9313"}],"curies":[{"name":"wp","href":"https:\/\/api.w.org\/{rel}","templated":true}]}}