{"id":6760,"date":"2025-05-02T13:44:00","date_gmt":"2025-05-02T11:44:00","guid":{"rendered":"https:\/\/www.msd.ch\/fr\/?post_type=story&#038;p=6760"},"modified":"2025-05-04T18:46:29","modified_gmt":"2025-05-04T16:46:29","slug":"les-femmes-chez-msd","status":"publish","type":"story","link":"https:\/\/www.msd.ch\/fr\/stories\/les-femmes-chez-msd\/","title":{"rendered":"Les femmes chez MSD"},"content":{"rendered":"\n<div id=\"mco-f1-article-hero-block_cdadd424dfd841686ac5203858d96971\" class=\"mco-f1-article-hero mccberg-block\">\n    <div class=\"mco-f1-article-hero-content-container\">\n        \n                            <a href=\"https:\/\/www.msd.ch\/fr\/content_topic\/diversite-et-inclusion\/\">\n                    <small class=\"tagline default-tagline\">\n                                                Diversit\u00e9 et inclusion                    <\/small>\n                <\/a>\n            \n        \n                    <h1>\n                Les femmes chez MSD\n            <\/h1>\n                            <p>Les 130 ans d&#039;histoire de MSD ont \u00e9t\u00e9 marqu\u00e9s par de nombreuses femmes. <\/p>\n            <\/div>\n\n    <div class=\"mco-f1-article-hero-date-container\">\n                    <p class=\"mco-f1-article-hero-date text-descriptive\">02.05.2025<\/p>\n                <div class=\"mco-f1-article-share-btn-container\">\n                            <p class=\"text-descriptive\">Share this article<\/p>\n                                        <p><a href=\"https:\/\/www.facebook.com\/sharer\/sharer.php?u=https:\/\/www.msd.ch\/fr\/stories\/les-femmes-chez-msd\/\" target=\"_blank\" aria-label=\"Share on Facebook\"><svg xmlns=\"http:\/\/www.w3.org\/2000\/svg\" width=\"16\" height=\"16\" viewBox=\"0 0 16 16\">\n    <path fill=\"#00857C\" fill-rule=\"nonzero\" d=\"M6.023 16L6 9H3V6h3V4c0-2.7 1.672-4 4.08-4 1.153 0 2.144.086 2.433.124v2.821h-1.67c-1.31 0-1.563.623-1.563 1.536V6H13l-1 3H9.28v7H6.023z\" \/>\n<title>Facebook icon<\/title><\/svg>\n<\/a><\/p>\n                <p><a href=\"https:\/\/twitter.com\/intent\/tweet?text=https%3A%2F%2Fwww.msd.ch%2Ffr%2Fstories%2Fles-femmes-chez-msd%2F Les femmes chez MSD\" target=\"_blank\" aria-label=\"Share on X\">\n<!-- Generator: Adobe Illustrator 27.7.0, SVG Export Plug-In . SVG Version: 6.00 Build 0)  -->\n<svg xmlns=\"http:\/\/www.w3.org\/2000\/svg\" viewBox=\"0 0 16 16\" width=\"16\" height=\"16\">\n\n\t.st0{fill:#00857C;}\n\n<path class=\"st0\" fill=\"#00857C\" d=\"M9.5,6.8l5.7-6.6h-1.4L8.8,6l-4-5.8H0.3l6,8.7l-6,7h1.4l5.2-6.1l4.2,6.1h4.6L9.5,6.8L9.5,6.8z M7.6,9L7,8.1\n\tL2.2,1.2h2.1l3.9,5.6l0.6,0.9l5.1,7.3h-2.1L7.6,9L7.6,9z\" \/>\n<title>X icon<\/title><\/svg>\n<\/a><\/p>\n                <p><a href=\"https:\/\/www.linkedin.com\/sharing\/share-offsite\/?url=https%3A%2F%2Fwww.msd.ch%2Ffr%2Fstories%2Fles-femmes-chez-msd%2F\" target=\"_blank\" aria-label=\"Share on LinkedIn\"><svg xmlns=\"http:\/\/www.w3.org\/2000\/svg\" width=\"16\" height=\"16\" viewBox=\"0 0 16 16\">\n    <path fill=\"#00857C\" fill-rule=\"evenodd\" d=\"M15.205 0H.695C.299 0 0 .3 0 .7v14.7c0 .3.298.6.696.6h14.608c.398 0 .696-.3.696-.7V.7c-.1-.4-.398-.7-.795-.7zM4.671 13.6H2.385V6H4.77v7.6h-.1zM3.578 5c-.795 0-1.392-.7-1.392-1.4 0-.8.597-1.4 1.392-1.4.795 0 1.39.6 1.39 1.4-.098.7-.695 1.4-1.39 1.4zm9.938 8.6H11.13V9.9c0-.9 0-2-1.192-2-1.193 0-1.391 1-1.391 2v3.8H6.16V6h2.286v1c.298-.6 1.093-1.2 2.187-1.2 2.385 0 2.782 1.6 2.782 3.6v4.2h.1z\" \/>\n<title>Linkedin icon<\/title><\/svg>\n<\/a><\/p>\n                <p><a href=\"mailto:?subject=Les femmes chez MSD&#038;body=https:\/\/www.msd.ch\/fr\/stories\/les-femmes-chez-msd\/ Les 130 ans d&#039;histoire de MSD ont \u00e9t\u00e9 marqu\u00e9s par de nombreuses femmes. \" target=\"_blank\" aria-label=\"Share via email\"><svg xmlns=\"http:\/\/www.w3.org\/2000\/svg\" width=\"16\" height=\"16\" viewBox=\"0 0 16 16\">\n    <path fill=\"#00857C\" fill-rule=\"nonzero\" d=\"M16 5.7V14c0 .6-.4 1-1 1H1c-.6 0-1-.4-1-1V5.7l7.5 4.2c.28.14.72.14 1 0L16 5.7zM15 1c.6 0 1 .4 1 1v1.5L8 7.9 0 3.4V2c0-.6.4-1 1-1z\" \/>\n<title>Email icon<\/title><\/svg>\n<\/a><\/p>\n                    <\/div>\n    <\/div>\n\n    <div class=\"mco-f1-article-hero-image-container\">\n        <div class=\"mco-f1-article-image-parent \">\n                            <figure class=\"mccberg-figure\">\n                    <picture>\n                        <source\n                                media=\"(max-width: 767px)\"\n                                srcset=\"https:\/\/www.msd.ch\/fr\/wp-content\/uploads\/sites\/87\/2023\/06\/Frauen-bei-MSD1.png?w=321 1x,\n                                https:\/\/www.msd.ch\/fr\/wp-content\/uploads\/sites\/87\/2023\/06\/Frauen-bei-MSD1.png?w=642 2x,\n                                https:\/\/www.msd.ch\/fr\/wp-content\/uploads\/sites\/87\/2023\/06\/Frauen-bei-MSD1.png?w=963 3x\">\n                        <source\n                                media=\"(min-width: 768px) and (max-width: 1199px)\"\n                                srcset=\"https:\/\/www.msd.ch\/fr\/wp-content\/uploads\/sites\/87\/2023\/06\/Frauen-bei-MSD1.png?w=656 1x,\n                                https:\/\/www.msd.ch\/fr\/wp-content\/uploads\/sites\/87\/2023\/06\/Frauen-bei-MSD1.png?w=1312 2x,\n                                https:\/\/www.msd.ch\/fr\/wp-content\/uploads\/sites\/87\/2023\/06\/Frauen-bei-MSD1.png?w=1968 3x\">\n                        <source\n                                media=\"(min-width: 1200px)\"\n                                srcset=\"https:\/\/www.msd.ch\/fr\/wp-content\/uploads\/sites\/87\/2023\/06\/Frauen-bei-MSD1.png?w=1188 1x,\n                                https:\/\/www.msd.ch\/fr\/wp-content\/uploads\/sites\/87\/2023\/06\/Frauen-bei-MSD1.png?w=2376 2x,\n                                https:\/\/www.msd.ch\/fr\/wp-content\/uploads\/sites\/87\/2023\/06\/Frauen-bei-MSD1.png?w=3564 3x\">\n                        <img decoding=\"async\"\n                                src=\"https:\/\/www.msd.ch\/fr\/wp-content\/uploads\/sites\/87\/2023\/06\/Frauen-bei-MSD1.png?w=1188\"\n                                srcset=\"https:\/\/www.msd.ch\/fr\/wp-content\/uploads\/sites\/87\/2023\/06\/Frauen-bei-MSD1.png?w=1188 1x,\n                                https:\/\/www.msd.ch\/fr\/wp-content\/uploads\/sites\/87\/2023\/06\/Frauen-bei-MSD1.png?w=2376 2x,\n                                https:\/\/www.msd.ch\/fr\/wp-content\/uploads\/sites\/87\/2023\/06\/Frauen-bei-MSD1.png?w=3564 3x\"\n                                alt=\"Femmes chez MSD\"\n                                loading=\"eager\" fetchpriority=\"high\"\n                        \/>\n                    <\/picture>\n\n                                    <\/figure>\n            \n                    <\/div>\n    <\/div>\n\n            <div class=\"mco-f1-article-hero-modal popup\" style=\"display: none;\">\n            <div class=\"popup-wrapper\">\n                <div class=\"mco-f1-article-hero-modal-content popup-content\">\n                <\/div>\n            <\/div>\n        <\/div>\n    <\/div>\n\n\n\n<p class=\"has-medium-font-size\">Nous pr\u00e9sentons huit femmes remarquables qui ont ouvert la voie aux g\u00e9n\u00e9rations futures.<\/p>\n\n\n<link rel='stylesheet' id='mccberg-f7-listicle-module-css-css' href='https:\/\/www.msd.ch\/fr\/wp-content\/themes\/cex-wpvip-mhh-mhh2-mcc-theme\/blocks\/mccberg\/f7-listicle\/css\/style.min.css?ver=1767614750' media='all' \/>\n\n<div class=\"mccberg-block wp-block-mccberg-f7-listicle mco-f7-block wrapper-story-narrower mt-2\">\n<div class=\"wp-block-mccberg-f7-listicle-item f7-listicle-item mt-2\"><div class=\"f7-listicle-header\"><div><\/div><div><p>01.<\/p><\/div><div><\/div><\/div><div class=\"f7-listicle-content\">\n<h3 class=\"wp-block-heading\">Ann Colon,<\/h3>\n\n\n\n<h4 class=\"wp-block-heading\">la premi\u00e8re femme \u00e0 f\u00eater ses 50 ans de carri\u00e8re chez MSD.<\/h4>\n\n\n\n<div class=\"wp-block-columns is-layout-flex wp-container-core-columns-is-layout-9d6595d7 wp-block-columns-is-layout-flex\">\n<div class=\"wp-block-column is-layout-flow wp-block-column-is-layout-flow\">\n<figure class=\"wp-block-image size-full\"><img decoding=\"async\" src=\"https:\/\/www.msd.ch\/de\/wp-content\/uploads\/sites\/88\/2023\/06\/colon.png\" alt=\"\" class=\"wp-image-9500\"\/><\/figure>\n<\/div>\n\n\n\n<div class=\"wp-block-column is-layout-flow wp-block-column-is-layout-flow\">\n<p>Anna \u00abAnn\u00bb Colon commence \u00e0 travailler chez MSD en 1919, au d\u00e9partement de conditionnement. En 1933, elle est nomm\u00e9e \u00e0 un poste de responsable.<\/p>\n\n\n\n<p>Lorsqu&#8217;elle prend sa retraite apr\u00e8s plus de 50 ans de carri\u00e8re chez MSD, elle est la plus ancienne collaboratrice de l&#8217;entreprise.<\/p>\n<\/div>\n<\/div>\n<\/div><\/div>\n\n\n\n<div class=\"wp-block-mccberg-f7-listicle-item f7-listicle-item\"><div class=\"f7-listicle-header\"><div><\/div><div><p>02.<\/p><\/div><div><\/div><\/div><div class=\"f7-listicle-content\">\n<div class=\"wp-block-columns is-layout-flex wp-container-core-columns-is-layout-9d6595d7 wp-block-columns-is-layout-flex\">\n<div class=\"wp-block-column is-layout-flow wp-block-column-is-layout-flow\">\n<h3 class=\"wp-block-heading\">Grace Winterling,<\/h3>\n\n\n\n<h4 class=\"wp-block-heading\">la premi\u00e8re femme \u00e0 occuper un poste de direction chez MSD.<\/h4>\n\n\n\n<p>Grace Winterling commence sa carri\u00e8re pendant la deuxi\u00e8me guerre mondiale au d\u00e9partement \u00abPriorities\u00bb avant d&#8217;assurer la supervision des d\u00e9partements Syst\u00e8mes et proc\u00e9d\u00e9s, Planification organisationnelle et Services administratifs.<\/p>\n<\/div>\n\n\n\n<div class=\"wp-block-column is-layout-flow wp-block-column-is-layout-flow\">\n<figure class=\"wp-block-image size-full\"><img decoding=\"async\" src=\"https:\/\/www.msd.ch\/de\/wp-content\/uploads\/sites\/88\/2023\/06\/winterling.png\" alt=\"\" class=\"wp-image-9511\"\/><\/figure>\n<\/div>\n<\/div>\n\n\n\n<p>En 1954, elle devient assistante administrative du secr\u00e9taire. En 1957, elle acc\u00e8de au poste de secr\u00e9taire-adjointe, une fonction qui fait d&#8217;elle la premi\u00e8re femme \u00e0 entrer \u00e0 la direction de MSD. La nomination d&#8217;une femme \u00e0 un poste de direction \u00e9tait si remarquable qu&#8217;elle a fait les titres de la presse locale.<\/p>\n\n\n\n<p>Apr\u00e8s 15 ans \u00e0 la direction, Grace est nomm\u00e9e pr\u00e9sidente de la fondation de l&#8217;entreprise, qui soutient encore \u00e0 ce jour des organismes philanthropiques et caritatifs, qualifi\u00e9s et \u00e9ligibles. En 1983, Grace prend sa retraite apr\u00e8s 40 ans au sein de notre entreprise.<\/p>\n<\/div><\/div>\n\n\n\n<div class=\"wp-block-mccberg-f7-listicle-item f7-listicle-item\"><div class=\"f7-listicle-header\"><div><\/div><div><p>03.<\/p><\/div><div><\/div><\/div><div class=\"f7-listicle-content\">\n<div class=\"wp-block-columns is-layout-flex wp-container-core-columns-is-layout-9d6595d7 wp-block-columns-is-layout-flex\">\n<div class=\"wp-block-column is-layout-flow wp-block-column-is-layout-flow\">\n<figure class=\"wp-block-image size-full\"><img decoding=\"async\" src=\"https:\/\/www.msd.ch\/fr\/wp-content\/uploads\/sites\/87\/2023\/08\/susan-jenkins.jpg\" alt=\"\" class=\"wp-image-9513\"\/><\/figure>\n<\/div>\n\n\n\n<div class=\"wp-block-column is-layout-flow wp-block-column-is-layout-flow\">\n<h3 class=\"wp-block-heading\">Susan Jenkins,<\/h3>\n\n\n\n<h4 class=\"wp-block-heading\">la premi\u00e8re chimiste d&#8217;origine afro-am\u00e9ricaine chez MSD.<\/h4>\n\n\n\n<p>Susan R. Jenkins devient en 1957 l&#8217;une des premi\u00e8res chimistes afro-am\u00e9ricaines de MSD Research Laboratories (MRL), o\u00f9 elle se consacre notamment \u00e0 la synth\u00e8se des enzymes.<\/p>\n<\/div>\n<\/div>\n\n\n\n<p>Elle passe ensuite au d\u00e9partement du personnel, o\u00f9 elle occupe diff\u00e9rents postes de manager, avant de devenir Senior Vice President Human Resources.<\/p>\n<\/div><\/div>\n\n\n\n<div class=\"wp-block-mccberg-f7-listicle-item f7-listicle-item\"><div class=\"f7-listicle-header\"><div><\/div><div><p>04.<\/p><\/div><div><\/div><\/div><div class=\"f7-listicle-content\">\n<div class=\"wp-block-columns is-layout-flex wp-container-core-columns-is-layout-9d6595d7 wp-block-columns-is-layout-flex\">\n<div class=\"wp-block-column is-layout-flow wp-block-column-is-layout-flow\">\n<h3 class=\"wp-block-heading\">Marian S. Heiskell,<\/h3>\n\n\n\n<h4 class=\"wp-block-heading\">la premi\u00e8re femme au conseil d&#8217;administration de MSD.<\/h4>\n\n\n\n<p>Marian S. Heiskell, Director of special activities \u00e0 la New York Times Company, devient en 1973 la premi\u00e8re femme \u00e9lue au conseil d&#8217;administration de MSD. <\/p>\n<\/div>\n\n\n\n<div class=\"wp-block-column is-layout-flow wp-block-column-is-layout-flow\">\n<figure class=\"wp-block-image size-full\"><img decoding=\"async\" src=\"https:\/\/www.msd.ch\/fr\/wp-content\/uploads\/sites\/87\/2023\/08\/marian-heiskell.jpg\" alt=\"\" class=\"wp-image-9515\"\/><\/figure>\n<\/div>\n<\/div>\n\n\n\n<p>Elle conserve ce poste pendant 18 ans, avant de le quitter en 1991. Marian Heiskell, philanthrope et \u00e9ditrice en chef renomm\u00e9e, d\u00e9c\u00e8de en 2019 \u00e0 l&#8217;\u00e2ge de 100 ans.<\/p>\n<\/div><\/div>\n\n\n\n<div class=\"wp-block-mccberg-f7-listicle-item f7-listicle-item\"><div class=\"f7-listicle-header\"><div><\/div><div><p>05.<\/p><\/div><div><\/div><\/div><div class=\"f7-listicle-content\">\n<div class=\"wp-block-columns is-layout-flex wp-container-core-columns-is-layout-9d6595d7 wp-block-columns-is-layout-flex\">\n<div class=\"wp-block-column is-layout-flow wp-block-column-is-layout-flow\">\n<figure class=\"wp-block-image size-full\"><img decoding=\"async\" src=\"https:\/\/www.msd.ch\/de\/wp-content\/uploads\/sites\/88\/2023\/06\/dorothy-bowers.png\" alt=\"\" class=\"wp-image-9516\"\/><\/figure>\n<\/div>\n\n\n\n<div class=\"wp-block-column is-layout-flow wp-block-column-is-layout-flow\">\n<h3 class=\"wp-block-heading\">Dorothy Bowers,<\/h3>\n\n\n\n<h4 class=\"wp-block-heading\">la premi\u00e8re Vice President f\u00fcr Environmental and Safety Policy de MSD.<\/h4>\n\n\n\n<p>Dorothy Bowers entre chez MSD en 1974 en tant qu&#8217;ing\u00e9nieure \u00e0 l&#8217;\u00abEnvironmental Department\u00bb.<\/p>\n<\/div>\n<\/div>\n\n\n\n<p>En 1982, elle est promue au poste de Senior Director of Environmental Control. Dix ans plus tard, elle est nomm\u00e9e \u00e0 un poste nouvellement cr\u00e9\u00e9: Vice President of Environmental and Safety Policy. Dorothy Bowers s&#8217;emploie alors \u00e0 faire de MSD un leader dans le domaine de la protection environnementale. Elle introduit de nombreux processus de r\u00e9duction des \u00e9missions et du d\u00e9versement de substances chimiques et fait de MSD l&#8217;une des premi\u00e8res entreprises \u00e0 s&#8217;engager publiquement \u00e0 r\u00e9duire la pollution environnementale. <\/p>\n\n\n\n<p>En 1999, elle prend sa retraite apr\u00e8s 25 ans de bons et loyaux services, ayant contribu\u00e9 \u00e0 faire de la protection de l&#8217;environnement l&#8217;une des priorit\u00e9s absolues de notre entreprise.<\/p>\n<\/div><\/div>\n\n\n\n<div class=\"wp-block-mccberg-f7-listicle-item f7-listicle-item\"><div class=\"f7-listicle-header\"><div><\/div><div><p>06.<\/p><\/div><div><\/div><\/div><div class=\"f7-listicle-content\">\n<div class=\"wp-block-columns is-layout-flex wp-container-core-columns-is-layout-9d6595d7 wp-block-columns-is-layout-flex\">\n<div class=\"wp-block-column is-layout-flow wp-block-column-is-layout-flow\">\n<h3 class=\"wp-block-heading\">Christine Stubbs,<\/h3>\n\n\n\n<h4 class=\"wp-block-heading\">la premi\u00e8re femme \u00e0 d\u00e9crocher un dipl\u00f4me d&#8217;ing\u00e9nieure chimiste \u00e0 la Howard University.<\/h4>\n<\/div>\n\n\n\n<div class=\"wp-block-column is-layout-flow wp-block-column-is-layout-flow\">\n<figure class=\"wp-block-image size-full\"><img decoding=\"async\" src=\"https:\/\/www.msd.ch\/fr\/wp-content\/uploads\/sites\/87\/2023\/08\/christine-stubbs.jpg\" alt=\"\" class=\"wp-image-9517\"\/><\/figure>\n<\/div>\n<\/div>\n\n\n\n<p>Christine \u00abChris\u00bb Stubbs entre chez MSD en 1983 en tant que premi\u00e8re femme \u00e0 d\u00e9crocher un dipl\u00f4me d&#8217;ing\u00e9nieure \u00e0 la Howard University.<\/p>\n\n\n\n<p>Elle devient alors l&#8217;une de nos collaboratrices les plus actives dans le domaine de l&#8217;\u00e9galit\u00e9 des chances. Au bout de 10 ans de carri\u00e8re chez MSD, Chris est responsable de la gestion des mat\u00e9riaux sur le site de production de Flint River \u00e0 Albany, en G\u00e9orgie, qui compte 31 employ\u00e9s. Outre cette ascension remarquable, c&#8217;est son travail de promotion de la diversit\u00e9 qui lui a valu de d\u00e9crocher le prix \u00abBlack Engineers of the Year 1993\u00bb d\u00e9cern\u00e9 par la revue U.S Black Engineer.<\/p>\n<\/div><\/div>\n\n\n\n<div class=\"wp-block-mccberg-f7-listicle-item f7-listicle-item\"><div class=\"f7-listicle-header\"><div><\/div><div><p>07.<\/p><\/div><div><\/div><\/div><div class=\"f7-listicle-content\">\n<div class=\"wp-block-columns is-layout-flex wp-container-core-columns-is-layout-9d6595d7 wp-block-columns-is-layout-flex\">\n<div class=\"wp-block-column is-layout-flow wp-block-column-is-layout-flow\">\n<figure class=\"wp-block-image size-full\"><img decoding=\"async\" src=\"https:\/\/www.msd.ch\/fr\/wp-content\/uploads\/sites\/87\/2023\/08\/dr-cole.jpg\" alt=\"\" class=\"wp-image-9518\"\/><\/figure>\n<\/div>\n\n\n\n<div class=\"wp-block-column is-layout-flow wp-block-column-is-layout-flow\">\n<h3 class=\"wp-block-heading\">Dr. Johnnetta B. Cole,<\/h3>\n\n\n\n<h4 class=\"wp-block-heading\">la premi\u00e8re femme afro-am\u00e9ricaine au conseil d&#8217;administration de MSD.<\/h4>\n\n\n\n<p>Le Dr Cole entre en 1994 au conseil d&#8217;administration de MSD, o\u00f9 elle reste jusqu&#8217;en 2009. <\/p>\n<\/div>\n<\/div>\n\n\n\n<p>Elle fut \u00e9galement la premi\u00e8re pr\u00e9sidente afro-am\u00e9ricaine du c\u00e9l\u00e8bre Spelman College pour les femmes afro-am\u00e9ricaines et la premi\u00e8re femme afro-am\u00e9ricaine au conseil d&#8217;administration de la Coca-Cola Company.<\/p>\n\n\n\n<p>Depuis 1997, le Dr Cole contribue \u00e0 promouvoir la diversit\u00e9 comme investissement intelligent pour les entreprises. Elle d\u00e9clare: \u00abDemandons-nous si la diversit\u00e9 au sein de la main-d&#8217;\u0153uvre am\u00e9ricaine est le bon choix ou le choix intelligent. La r\u00e9ponse est: les deux.\u00bb<\/p>\n<\/div><\/div>\n\n\n\n<div class=\"wp-block-mccberg-f7-listicle-item f7-listicle-item\"><div class=\"f7-listicle-header\"><div><\/div><div><p>08.<\/p><\/div><div><\/div><\/div><div class=\"f7-listicle-content\">\n<div class=\"wp-block-columns is-layout-flex wp-container-core-columns-is-layout-9d6595d7 wp-block-columns-is-layout-flex\">\n<div class=\"wp-block-column is-layout-flow wp-block-column-is-layout-flow\">\n<h3 class=\"wp-block-heading\">Deborah Dagit,<\/h3>\n\n\n\n<h4 class=\"wp-block-heading\">la premi\u00e8re Chief Diversity Officer de MSD.<\/h4>\n\n\n\n<p>Deborah Dagit travaille pendant 12 ans chez MSD comme premi\u00e8re responsable de la diversit\u00e9. <\/p>\n<\/div>\n\n\n\n<div class=\"wp-block-column is-layout-flow wp-block-column-is-layout-flow\">\n<figure class=\"wp-block-image size-full\"><img decoding=\"async\" src=\"https:\/\/www.msd.ch\/fr\/wp-content\/uploads\/sites\/87\/2023\/08\/deb-dagit.jpg\" alt=\"\" class=\"wp-image-9519\"\/><\/figure>\n<\/div>\n<\/div>\n\n\n\n<p>Elle joue un r\u00f4le consid\u00e9rable dans l&#8217;adoption de la loi am\u00e9ricaine sur les personnes atteintes de handicap (Americans with Disabilities Act) en 1990. Elle aide alors notre entreprise \u00e0 associer directement des initiatives de diversit\u00e9 et d&#8217;inclusion \u00e0 ses pratiques commerciales et \u00e0 ses r\u00e9sultats. En 2010, elle a fond\u00e9 les <a href=\"https:\/\/www.msd.ch\/fr\/home\/ebrgs\/\">Employee Business Resource Groups (EBRG)<\/a> de MSD, qui sont toujours actifs aujourd&#8217;hui. Elle a quitt\u00e9 l&#8217;entreprise en d\u00e9cembre 2012.<\/p>\n<\/div><\/div>\n<\/div>\n\n\n\n<h2 class=\"wp-block-heading has-text-align-center\">Nous encourageons l&#8217;innovation par la diversit\u00e9 et l&#8217;int\u00e9gration<\/h2>\n\n\n\n<p>MSD favorise \u00e0 l&#8217;\u00e9chelle internationale une atmosph\u00e8re de travail dans laquelle chacun se sent bien, ind\u00e9pendamment de la culture, de l&#8217;\u00e2ge, de l&#8217;orientation sexuelle ou du genre. <a href=\"https:\/\/www.msd.ch\/fr\/home\/diversity-and-inclusion\/\">La diversit\u00e9 et l&#8217;inclusion<\/a> font depuis longtemps partie int\u00e9grante de notre culture d&#8217;entreprise. Cela se refl\u00e8te \u00e9galement dans les chiffres: par exemple, quelque 50% des postes de direction, en Susse et \u00e0 l&#8217;internationale, sont occup\u00e9s par des femmes.<\/p>\n\n\n\n<div style=\"height:20px\" aria-hidden=\"true\" class=\"wp-block-spacer\"><\/div>\n\n\n\n<div class=\"wp-block-columns is-layout-flex wp-container-core-columns-is-layout-9d6595d7 wp-block-columns-is-layout-flex\">\n<div class=\"wp-block-column is-layout-flow wp-block-column-is-layout-flow\">\n<figure class=\"wp-block-image size-full is-resized\"><img decoding=\"async\" src=\"https:\/\/www.msd.ch\/de\/wp-content\/uploads\/sites\/88\/2023\/06\/03034_EBRG_Identifier_Womens_Network_TealGrey_RGB-1.png\" alt=\"\" class=\"wp-image-9520\" style=\"width:402px;height:248px\"\/><\/figure>\n<\/div>\n\n\n\n<div class=\"wp-block-column is-layout-flow wp-block-column-is-layout-flow\">\n<h2 class=\"wp-block-heading\">MSD Women&#8217;s Network<\/h2>\n\n\n\n<p>En 1995, des collaboratrices de MSD se sont rassembl\u00e9es pour fonder le MSD Women\u2019s Network aux \u00c9tats-Unis. Ce r\u00e9seau se consacre \u00e0 l&#8217;\u00e9galit\u00e9 des genres. Il dispose d\u00e9sormais de 57 chapitres dans le monde et compte plus de 9000 membres, hommes et femmes. <\/p>\n\n\n\n<p>En Suisse, quelque 400 collaborateurs et collaboratrices se sont engag\u00e9s au sein du MSD Women\u2019s Network.<\/p>\n<\/div>\n<\/div>\n\n\n\n<div style=\"height:30px\" aria-hidden=\"true\" class=\"wp-block-spacer\"><\/div>\n\n\n\n<h2 class=\"wp-block-heading has-text-align-center\">MSD en tant qu&#8217;employeur<\/h2>\n\n\n\n<p class=\"has-text-align-center\">Souhaitez-vous nous aider \u00e0 d\u00e9velopper sans rel\u00e2che nos m\u00e9dicaments et solutions de sant\u00e9, \u00e0 am\u00e9liorer continuellement la prise en charge m\u00e9dicale et \u00e0 inspirer de nouvelles g\u00e9n\u00e9rations? Rejoignez notre \u00e9quipe!<\/p>\n\n\n\n<p class=\"has-text-align-center\"><strong><a href=\"https:\/\/jobs.msd.com\/switzerland\" target=\"_blank\" rel=\"noreferrer noopener\">Vers le portail des emplois de MSD<\/a><\/strong><\/p>\n\n\n\n<div style=\"height:100px\" aria-hidden=\"true\" class=\"wp-block-spacer\"><\/div>\n\n\n\n<p><sup>CH-NON-02261, 05\/2025<\/sup><\/p>\n","protected":false},"excerpt":{"rendered":"<p>Nous pr\u00e9sentons huit femmes remarquables qui ont ouvert la voie aux g\u00e9n\u00e9rations futures. Nous encourageons l&#8217;innovation par la diversit\u00e9 et l&#8217;int\u00e9gration MSD favorise \u00e0 l&#8217;\u00e9chelle internationale une atmosph\u00e8re de travail dans laquelle chacun se sent bien, ind\u00e9pendamment de la culture, de l&#8217;\u00e2ge, de l&#8217;orientation sexuelle ou du genre. La diversit\u00e9 et l&#8217;inclusion font depuis longtemps [&hellip;]<\/p>\n","protected":false},"featured_media":6725,"template":"","meta":{"_acf_changed":false,"bdl_company_name":[],"bdl_item_external_link":[],"footnotes":""},"tags":[45],"content_topic":[50],"admin_field":[],"class_list":["post-6760","story","type-story","status-publish","has-post-thumbnail","hentry","tag-entreprise","content_topic-diversite-et-inclusion"],"yoast_head":"<!-- This site is optimized with the Yoast SEO plugin v21.9.1 - https:\/\/yoast.com\/wordpress\/plugins\/seo\/ -->\n<title>Les femmes chez MSD - MSD Suisse I msd.ch<\/title>\n<meta name=\"description\" content=\"Les 130 ans d&#039;histoire de MSD ont \u00e9t\u00e9 marqu\u00e9s par de nombreuses femmes. Nous allons vous pr\u00e9senter huit d&#039;entre elles.\" \/>\n<meta name=\"robots\" content=\"index, follow, max-snippet:-1, max-image-preview:large, max-video-preview:-1\" \/>\n<link rel=\"canonical\" href=\"https:\/\/www.msd.ch\/fr\/stories\/les-femmes-chez-msd\/\" \/>\n<meta property=\"og:locale\" content=\"en_US\" \/>\n<meta property=\"og:type\" content=\"article\" \/>\n<meta property=\"og:title\" content=\"Les femmes chez MSD - MSD Suisse I msd.ch\" \/>\n<meta property=\"og:description\" content=\"Les 130 ans d&#039;histoire de MSD ont \u00e9t\u00e9 marqu\u00e9s par de nombreuses femmes. Nous allons vous pr\u00e9senter huit d&#039;entre elles.\" \/>\n<meta property=\"og:url\" content=\"https:\/\/www.msd.ch\/fr\/stories\/les-femmes-chez-msd\/\" \/>\n<meta property=\"og:site_name\" content=\"msd.ch\" \/>\n<meta property=\"article:modified_time\" content=\"2025-05-04T16:46:29+00:00\" \/>\n<meta property=\"og:image\" content=\"https:\/\/www.msd.ch\/fr\/wp-content\/uploads\/sites\/87\/2023\/06\/Frauen-bei-MSD1.png?w=2160\" \/>\n\t<meta property=\"og:image:width\" content=\"2160\" \/>\n\t<meta property=\"og:image:height\" content=\"2160\" \/>\n\t<meta property=\"og:image:type\" content=\"image\/png\" \/>\n<meta name=\"twitter:card\" content=\"summary_large_image\" \/>\n<meta name=\"twitter:label1\" content=\"Est. reading time\" \/>\n\t<meta name=\"twitter:data1\" content=\"7 minutes\" \/>\n<script type=\"application\/ld+json\" class=\"yoast-schema-graph\">{\"@context\":\"https:\/\/schema.org\",\"@graph\":[{\"@type\":\"WebPage\",\"@id\":\"https:\/\/www.msd.ch\/fr\/stories\/les-femmes-chez-msd\/\",\"url\":\"https:\/\/www.msd.ch\/fr\/stories\/les-femmes-chez-msd\/\",\"name\":\"Les femmes chez MSD - MSD Suisse I msd.ch\",\"isPartOf\":{\"@id\":\"https:\/\/www.msd.ch\/fr\/#website\"},\"datePublished\":\"2025-05-02T11:44:00+00:00\",\"dateModified\":\"2025-05-04T16:46:29+00:00\",\"description\":\"Les 130 ans d'histoire de MSD ont \u00e9t\u00e9 marqu\u00e9s par de nombreuses femmes. Nous allons vous pr\u00e9senter huit d'entre elles.\",\"breadcrumb\":{\"@id\":\"https:\/\/www.msd.ch\/fr\/stories\/les-femmes-chez-msd\/#breadcrumb\"},\"inLanguage\":\"en-US\",\"potentialAction\":[{\"@type\":\"ReadAction\",\"target\":[\"https:\/\/www.msd.ch\/fr\/stories\/les-femmes-chez-msd\/\"]}]},{\"@type\":\"BreadcrumbList\",\"@id\":\"https:\/\/www.msd.ch\/fr\/stories\/les-femmes-chez-msd\/#breadcrumb\",\"itemListElement\":[{\"@type\":\"ListItem\",\"position\":1,\"name\":\"Stories\",\"item\":\"https:\/\/www.msd.ch\/fr\/stories-archive\/\"},{\"@type\":\"ListItem\",\"position\":2,\"name\":\"Les femmes chez MSD\"}]},{\"@type\":\"WebSite\",\"@id\":\"https:\/\/www.msd.ch\/fr\/#website\",\"url\":\"https:\/\/www.msd.ch\/fr\/\",\"name\":\"msd.ch\",\"description\":\"MSD recherche et d\u00e9veloppe des m\u00e9dicaments et des vaccins pour sauver des vies et am\u00e9liorer la sant\u00e9 des patients. En Suisse, 1000 employ\u00e9s \u00e0 Lucerne et \u00e0 Zurich s&#039;engagent dans ce sens.\",\"potentialAction\":[{\"@type\":\"SearchAction\",\"target\":{\"@type\":\"EntryPoint\",\"urlTemplate\":\"https:\/\/www.msd.ch\/fr\/?s={search_term_string}\"},\"query-input\":\"required name=search_term_string\"}],\"inLanguage\":\"en-US\"}]}<\/script>\n<!-- \/ Yoast SEO plugin. -->","yoast_head_json":{"title":"Les femmes chez MSD - MSD Suisse I msd.ch","description":"Les 130 ans d'histoire de MSD ont \u00e9t\u00e9 marqu\u00e9s par de nombreuses femmes. Nous allons vous pr\u00e9senter huit d'entre elles.","robots":{"index":"index","follow":"follow","max-snippet":"max-snippet:-1","max-image-preview":"max-image-preview:large","max-video-preview":"max-video-preview:-1"},"canonical":"https:\/\/www.msd.ch\/fr\/stories\/les-femmes-chez-msd\/","og_locale":"en_US","og_type":"article","og_title":"Les femmes chez MSD - MSD Suisse I msd.ch","og_description":"Les 130 ans d'histoire de MSD ont \u00e9t\u00e9 marqu\u00e9s par de nombreuses femmes. Nous allons vous pr\u00e9senter huit d'entre elles.","og_url":"https:\/\/www.msd.ch\/fr\/stories\/les-femmes-chez-msd\/","og_site_name":"msd.ch","article_modified_time":"2025-05-04T16:46:29+00:00","og_image":[{"url":"https:\/\/www.msd.ch\/fr\/wp-content\/uploads\/sites\/87\/2023\/06\/Frauen-bei-MSD1.png?w=2160","width":2160,"height":2160,"type":"image\/png"}],"twitter_card":"summary_large_image","twitter_misc":{"Est. reading time":"7 minutes"},"schema":{"@context":"https:\/\/schema.org","@graph":[{"@type":"WebPage","@id":"https:\/\/www.msd.ch\/fr\/stories\/les-femmes-chez-msd\/","url":"https:\/\/www.msd.ch\/fr\/stories\/les-femmes-chez-msd\/","name":"Les femmes chez MSD - MSD Suisse I msd.ch","isPartOf":{"@id":"https:\/\/www.msd.ch\/fr\/#website"},"datePublished":"2025-05-02T11:44:00+00:00","dateModified":"2025-05-04T16:46:29+00:00","description":"Les 130 ans d'histoire de MSD ont \u00e9t\u00e9 marqu\u00e9s par de nombreuses femmes. Nous allons vous pr\u00e9senter huit d'entre elles.","breadcrumb":{"@id":"https:\/\/www.msd.ch\/fr\/stories\/les-femmes-chez-msd\/#breadcrumb"},"inLanguage":"en-US","potentialAction":[{"@type":"ReadAction","target":["https:\/\/www.msd.ch\/fr\/stories\/les-femmes-chez-msd\/"]}]},{"@type":"BreadcrumbList","@id":"https:\/\/www.msd.ch\/fr\/stories\/les-femmes-chez-msd\/#breadcrumb","itemListElement":[{"@type":"ListItem","position":1,"name":"Stories","item":"https:\/\/www.msd.ch\/fr\/stories-archive\/"},{"@type":"ListItem","position":2,"name":"Les femmes chez MSD"}]},{"@type":"WebSite","@id":"https:\/\/www.msd.ch\/fr\/#website","url":"https:\/\/www.msd.ch\/fr\/","name":"msd.ch","description":"MSD recherche et d\u00e9veloppe des m\u00e9dicaments et des vaccins pour sauver des vies et am\u00e9liorer la sant\u00e9 des patients. En Suisse, 1000 employ\u00e9s \u00e0 Lucerne et \u00e0 Zurich s&#039;engagent dans ce sens.","potentialAction":[{"@type":"SearchAction","target":{"@type":"EntryPoint","urlTemplate":"https:\/\/www.msd.ch\/fr\/?s={search_term_string}"},"query-input":"required name=search_term_string"}],"inLanguage":"en-US"}]}},"acf":[],"extended_data":{"featured_image":"https:\/\/www.msd.ch\/fr\/wp-content\/uploads\/sites\/87\/2023\/06\/Frauen-bei-MSD1.png?w=1024","acf_fields":{"mco_page_tracking_data":"","page_text_direction_selection":"ltr","show_section":true,"related_content_section_heading":"En savoir plus","story_one_selection":"select","related_content_item_one":{"ID":3540,"post_author":"974","post_date":"2025-06-18 08:00:00","post_date_gmt":"2025-06-18 06:00:00","post_content":"<!-- wp:acf\/article-hero-block {\"name\":\"acf\/article-hero-block\",\"data\":{\"date_text\":\"\",\"_date_text\":\"mco_f1_date_text\",\"share_text\":\"\",\"_share_text\":\"mco_f1_share_text\"},\"mode\":\"edit\"} \/-->\n\n<!-- wp:spacer {\"height\":\"60px\"} -->\n<div style=\"height:60px\" aria-hidden=\"true\" class=\"wp-block-spacer\"><\/div>\n<!-- \/wp:spacer -->\n\n<!-- wp:heading {\"level\":3} -->\n<h3 class=\"wp-block-heading\">Que signifie le Swiss LGBTI-Label?<\/h3>\n<!-- \/wp:heading -->\n\n<!-- wp:paragraph -->\n<p>Le Swiss LGBTI-Label est un label de qualit\u00e9 pour les organisations bas\u00e9es en Suisse ou pour les organisations suisses qui \u0153uvrent pour l'\u00e9galit\u00e9 des personnes LGBTI au sein des entreprises.<br><br>Le terme LGBTI d\u00e9signe les personnes qui se diff\u00e9rencient de la majorit\u00e9 de la population en termes d\u2019orientation sexuelle ou d\u2019identit\u00e9 de genre.<\/p>\n<!-- \/wp:paragraph -->\n\n<!-- wp:spacer {\"height\":\"20px\"} -->\n<div style=\"height:20px\" aria-hidden=\"true\" class=\"wp-block-spacer\"><\/div>\n<!-- \/wp:spacer -->\n\n<!-- wp:heading {\"level\":3} -->\n<h3 class=\"wp-block-heading\">La diversit\u00e9, une r\u00e9alit\u00e9 v\u00e9cue<\/h3>\n<!-- \/wp:heading -->\n\n<!-- wp:paragraph -->\n<p>Chez MSD Suisse, la diversit\u00e9 n'est pas un objectif \u00e0 court terme, mais un \u00e9l\u00e9ment central de notre culture d'entreprise. Nous en sommes convaincus : seul un environnement de travail dans lequel tous les collaborateurs, ind\u00e9pendamment de leur identit\u00e9 sexuelle, de leur orientation sexuelle ou de leurs caract\u00e9ristiques physiques, se sentent en s\u00e9curit\u00e9 et respect\u00e9s, favorise l'innovation et le succ\u00e8s durable de l'entreprise.<\/p>\n<!-- \/wp:paragraph -->\n\n<!-- wp:spacer {\"height\":\"20px\"} -->\n<div style=\"height:20px\" aria-hidden=\"true\" class=\"wp-block-spacer\"><\/div>\n<!-- \/wp:spacer -->\n\n<!-- wp:heading {\"level\":3} -->\n<h3 class=\"wp-block-heading\">Swiss LGBTI-Label \u2013 un signe en faveur de l'\u00e9galit\u00e9 v\u00e9cue<\/h3>\n<!-- \/wp:heading -->\n\n<!-- wp:paragraph -->\n<p>Le label Swiss LGBTI a \u00e9t\u00e9 d\u00e9velopp\u00e9 par les r\u00e9seaux <strong>Network (Gay Leadership)<\/strong> et <strong>Wybernet (Gay Professional Women)<\/strong>, en \u00e9troite collaboration avec <strong>Transgender Network Switzerland, Pink Cross, LOS<\/strong> <strong>\u2013 Organisation suisse des lesbiennes<\/strong> et <strong>Familles arc-en-ciel<\/strong>.<br><br>L'attribution du label repose sur un processus d'\u00e9valuation structur\u00e9 qui tient compte, entre autres, de la culture organisationnelle, des principes de gestion, des processus RH et de la communication interne.<br><br>La recertification a lieu \u00e0 intervalles r\u00e9guliers et confirme l'engagement durable de l'entreprise.<\/p>\n<!-- \/wp:paragraph -->\n\n<!-- wp:spacer {\"height\":\"20px\"} -->\n<div style=\"height:20px\" aria-hidden=\"true\" class=\"wp-block-spacer\"><\/div>\n<!-- \/wp:spacer -->\n\n<!-- wp:columns {\"verticalAlignment\":\"center\"} -->\n<div class=\"wp-block-columns are-vertically-aligned-center\"><!-- wp:column {\"verticalAlignment\":\"center\"} -->\n<div class=\"wp-block-column is-vertically-aligned-center\"><!-- wp:image {\"id\":8421,\"sizeSlug\":\"full\",\"linkDestination\":\"none\",\"align\":\"center\"} -->\n<figure class=\"wp-block-image aligncenter size-full\"><img src=\"https:\/\/www.msd.ch\/fr\/wp-content\/uploads\/sites\/87\/2025\/07\/2025-LGBTI-Certificate.jpg\" alt=\"\" class=\"wp-image-8421\" \/><\/figure>\n<!-- \/wp:image --><\/div>\n<!-- \/wp:column -->\n\n<!-- wp:column {\"verticalAlignment\":\"center\"} -->\n<div class=\"wp-block-column is-vertically-aligned-center\"><!-- wp:image {\"id\":6781,\"width\":\"256px\",\"height\":\"132px\",\"sizeSlug\":\"large\",\"linkDestination\":\"none\",\"align\":\"center\"} -->\n<figure class=\"wp-block-image aligncenter size-large is-resized\"><img src=\"https:\/\/www.msd.ch\/fr\/wp-content\/uploads\/sites\/87\/2021\/06\/logo1.png?w=1024\" alt=\"Swiss LGBTI-Label logo\" class=\"wp-image-6781\" style=\"width:256px;height:132px\" \/><\/figure>\n<!-- \/wp:image --><\/div>\n<!-- \/wp:column -->\n\n<!-- wp:column {\"verticalAlignment\":\"center\"} -->\n<div class=\"wp-block-column is-vertically-aligned-center\"><!-- wp:image {\"id\":8422,\"sizeSlug\":\"full\",\"linkDestination\":\"none\",\"align\":\"center\"} -->\n<figure class=\"wp-block-image aligncenter size-full\"><img src=\"https:\/\/www.msd.ch\/fr\/wp-content\/uploads\/sites\/87\/2025\/07\/2025-LGBTI-Certificate_2.jpg\" alt=\"\" class=\"wp-image-8422\" \/><\/figure>\n<!-- \/wp:image --><\/div>\n<!-- \/wp:column --><\/div>\n<!-- \/wp:columns -->\n\n<!-- wp:spacer {\"height\":\"20px\"} -->\n<div style=\"height:20px\" aria-hidden=\"true\" class=\"wp-block-spacer\"><\/div>\n<!-- \/wp:spacer -->\n\n<!-- wp:heading {\"level\":3} -->\n<h3 class=\"wp-block-heading\">Ensemble pour plus de visibilit\u00e9<\/h3>\n<!-- \/wp:heading -->\n\n<!-- wp:paragraph -->\n<p>Chez MSD Suisse, nous sommes fiers d'arborer \u00e0 nouveau le label Swiss LGBTI, qui traduit notre conviction qu'un monde du travail inclusif profite \u00e0 tous : \u00e0 nos collaborateurs, \u00e0 notre entreprise et \u00e0 la soci\u00e9t\u00e9 dans son ensemble.<\/p>\n<!-- \/wp:paragraph -->\n\n<!-- wp:paragraph -->\n<p><br><sup>CH-NON-01248, 07\/2025<\/sup><\/p>\n<!-- \/wp:paragraph -->","post_title":"MSD Suisse \u00e0 nouveau r\u00e9compens\u00e9e par le Swiss LGBTI-Label","post_excerpt":"","post_status":"publish","comment_status":"closed","ping_status":"closed","post_password":"","post_name":"msd-switzerland-awarded-with-the-swiss-lgbti-label","to_ping":"","pinged":"","post_modified":"2025-07-09 11:58:16","post_modified_gmt":"2025-07-09 09:58:16","post_content_filtered":"","post_parent":0,"guid":"https:\/\/vip2-msd.com\/switzerland\/?post_type=story&#038;p=3540","menu_order":0,"post_type":"story","post_mime_type":"","comment_count":"0","filter":"raw"},"story_two_selection":"select","related_content_item_two":{"ID":1853,"post_author":"282","post_date":"2025-02-11 08:00:00","post_date_gmt":"2025-02-11 06:00:00","post_content":"<!-- wp:acf\/article-hero-block {\"name\":\"acf\/article-hero-block\",\"data\":{\"date_text\":\"\",\"_date_text\":\"mco_f1_date_text\",\"share_text\":\"\",\"_share_text\":\"mco_f1_share_text\"},\"mode\":\"edit\"} \/-->\n\n<!-- wp:paragraph -->\n<p>Le VIH (virus de l'immunod\u00e9ficience humaine) demeure une menace majeure pour la sant\u00e9 publique. Ce virus peut provoquer le SIDA.<\/p>\n<!-- \/wp:paragraph -->\n\n<!-- wp:paragraph -->\n<p>Depuis 1985, notre soci\u00e9t\u00e9 s'est engag\u00e9e dans des efforts de recherche et de d\u00e9veloppement (R&amp;D) dans le domaine de la pr\u00e9vention et&nbsp;du traitement du VIH. Au fil du temps, nos scientifiques ont fait des d\u00e9couvertes importantes qui ont r\u00e9volutionn\u00e9 le traitement du VIH.<\/p>\n<!-- \/wp:paragraph -->\n\n<!-- wp:paragraph -->\n<p>Voici quelques moments historiques qui t\u00e9moignent de ces efforts:<\/p>\n<!-- \/wp:paragraph -->\n\n<!-- wp:acf\/mco-article-slideshow {\"name\":\"acf\/mco-article-slideshow\",\"data\":{\"mco_article_slideshow_0_mco_article_slideshow_image\":1968,\"_mco_article_slideshow_0_mco_article_slideshow_image\":\"mco_article_slideshow_image_f9q8hyhfliu\",\"mco_article_slideshow_0_mco_article_slideshow_caption\":\"En 1982, les centres am\u00e9ricains de contr\u00f4le et de pr\u00e9vention des maladies ont utilis\u00e9 pour la premi\u00e8re fois le terme \u00abSIDA\u00bb, ou syndrome d'immunod\u00e9ficience acquise, pour d\u00e9crire le syndrome clinique caus\u00e9 par le virus de l'immunod\u00e9ficience humaine (VIH). Julie Gerberding, responsable des patients, se souvient: \u00abJ'ai commenc\u00e9 ma formation \u00e0 l'universit\u00e9 de Californie \u00e0 San Francisco au tout d\u00e9but de l'\u00e9pid\u00e9mie de sida et j'ai pris en charge les premiers patients qui \u00e9taient atteints du SIDA. C'\u00e9tait une maladie vraiment effrayante. Il y avait tellement d'inconnues, notamment le mode de transmission.\u00bb\",\"_mco_article_slideshow_0_mco_article_slideshow_caption\":\"mco_article_slideshow_caption_f9q8hyhfliu\",\"mco_article_slideshow_0_mco_article_slideshow_credit\":\"\",\"_mco_article_slideshow_0_mco_article_slideshow_credit\":\"mco_article_slideshow_credit_f9q8hyhfliu\",\"mco_article_slideshow_1_mco_article_slideshow_image\":3819,\"_mco_article_slideshow_1_mco_article_slideshow_image\":\"mco_article_slideshow_image_f9q8hyhfliu\",\"mco_article_slideshow_1_mco_article_slideshow_caption\":\"Au milieu des ann\u00e9es 80, MSD a lanc\u00e9 son programme de recherche sur le VIH en r\u00e9ponse \u00e0 ce qu'elle percevait comme une \u00e9pid\u00e9mie potentielle. Nos scientifiques ont \u00e9t\u00e9 parmi les premiers \u00e0 d\u00e9couvrir et \u00e0 d\u00e9velopper des m\u00e9dicaments pour le traitement du VIH.\",\"_mco_article_slideshow_1_mco_article_slideshow_caption\":\"mco_article_slideshow_caption_f9q8hyhfliu\",\"mco_article_slideshow_1_mco_article_slideshow_credit\":\"\",\"_mco_article_slideshow_1_mco_article_slideshow_credit\":\"mco_article_slideshow_credit_f9q8hyhfliu\",\"mco_article_slideshow_2_mco_article_slideshow_image\":1989,\"_mco_article_slideshow_2_mco_article_slideshow_image\":\"mco_article_slideshow_image_f9q8hyhfliu\",\"mco_article_slideshow_2_mco_article_slideshow_caption\":\"Nous avons \u00e9t\u00e9 les premiers \u00e0 publier la structure cristalline de la prot\u00e9ase du VIH, une enzyme essentielle \u00e0 l'infectiosit\u00e9 du virus.\",\"_mco_article_slideshow_2_mco_article_slideshow_caption\":\"mco_article_slideshow_caption_f9q8hyhfliu\",\"mco_article_slideshow_2_mco_article_slideshow_credit\":\"\",\"_mco_article_slideshow_2_mco_article_slideshow_credit\":\"mco_article_slideshow_credit_f9q8hyhfliu\",\"mco_article_slideshow_3_mco_article_slideshow_image\":1990,\"_mco_article_slideshow_3_mco_article_slideshow_image\":\"mco_article_slideshow_image_f9q8hyhfliu\",\"mco_article_slideshow_3_mco_article_slideshow_caption\":\"En 1992, MSD s'est joint \u00e0 d'autres soci\u00e9t\u00e9s pharmaceutiques pour cr\u00e9er l'Inter Company Collaboration for AIDS Drug Development afin de rechercher des traitements contre le VIH. En 1993, nous avons entrepris le plus grand programme de recherche de notre histoire, d\u00e9ployant plus de scientifiques pour \u00e9tudier le SIDA que toute autre maladie et testant des dizaines de milliers de substances.\",\"_mco_article_slideshow_3_mco_article_slideshow_caption\":\"mco_article_slideshow_caption_f9q8hyhfliu\",\"mco_article_slideshow_3_mco_article_slideshow_credit\":\"\",\"_mco_article_slideshow_3_mco_article_slideshow_credit\":\"mco_article_slideshow_credit_f9q8hyhfliu\",\"mco_article_slideshow_4_mco_article_slideshow_image\":1991,\"_mco_article_slideshow_4_mco_article_slideshow_image\":\"mco_article_slideshow_image_f9q8hyhfliu\",\"mco_article_slideshow_4_mco_article_slideshow_caption\":\"La communaut\u00e9 VIH\/SIDA a continu\u00e9 \u00e0 r\u00e9clamer des mesures. En 1995, Linda Distlerath, ancienne directrice ex\u00e9cutive de la politique publique et des affaires publiques des laboratoires de recherche MSD, a pass\u00e9 beaucoup de temps \u00e0 lire le courrier envoy\u00e9 par des milliers de malades du SIDA et de militants exhortant MSD \u00e0 produire rapidement un traitement contre la maladie.\",\"_mco_article_slideshow_4_mco_article_slideshow_caption\":\"mco_article_slideshow_caption_f9q8hyhfliu\",\"mco_article_slideshow_4_mco_article_slideshow_credit\":\"\",\"_mco_article_slideshow_4_mco_article_slideshow_credit\":\"mco_article_slideshow_credit_f9q8hyhfliu\",\"mco_article_slideshow_5_mco_article_slideshow_image\":1992,\"_mco_article_slideshow_5_mco_article_slideshow_image\":\"mco_article_slideshow_image_f9q8hyhfliu\",\"mco_article_slideshow_5_mco_article_slideshow_caption\":\"Apr\u00e8s des ann\u00e9es d'\u00e9tude et de d\u00e9veloppement, MSD a mis au point l'un des premiers inhibiteurs de prot\u00e9ase. En 1995, avant l'approbation par la FDA, MSD a propos\u00e9, en collaboration avec la Food and Drug Administration am\u00e9ricaine, des patients et des groupes de d\u00e9fense du VIH, un programme qui a permis de mettre gratuitement \u00e0 la disposition de certains patients son nouveau traitement contre le VIH avant sa commercialisation.\",\"_mco_article_slideshow_5_mco_article_slideshow_caption\":\"mco_article_slideshow_caption_f9q8hyhfliu\",\"mco_article_slideshow_5_mco_article_slideshow_credit\":\"\",\"_mco_article_slideshow_5_mco_article_slideshow_credit\":\"mco_article_slideshow_credit_f9q8hyhfliu\",\"mco_article_slideshow_6_mco_article_slideshow_image\":1993,\"_mco_article_slideshow_6_mco_article_slideshow_image\":\"mco_article_slideshow_image_f9q8hyhfliu\",\"mco_article_slideshow_6_mco_article_slideshow_caption\":\"En 1996, le traitement contre le VIH a re\u00e7u l'approbation de la FDA en un temps record de 42 jours. Il s'agissait d'une premi\u00e8re r\u00e9alisation importante pour faire du VIH une infection \u00e0 laquelle il est possible de survivre.\",\"_mco_article_slideshow_6_mco_article_slideshow_caption\":\"mco_article_slideshow_caption_f9q8hyhfliu\",\"mco_article_slideshow_6_mco_article_slideshow_credit\":\"\",\"_mco_article_slideshow_6_mco_article_slideshow_credit\":\"mco_article_slideshow_credit_f9q8hyhfliu\",\"mco_article_slideshow_7_mco_article_slideshow_image\":1994,\"_mco_article_slideshow_7_mco_article_slideshow_image\":\"mco_article_slideshow_image_f9q8hyhfliu\",\"mco_article_slideshow_7_mco_article_slideshow_caption\":\"En 2012, la fondation NAMES Project (avec le soutien de MSD) a lanc\u00e9 la tourn\u00e9e nationale Call My Name afin d'attirer l'attention sur la trajectoire d\u00e9solante de l'\u00e9pid\u00e9mie de VIH dans les communaut\u00e9s noires des \u00c9tats-Unis. La tourn\u00e9e comprenait la cr\u00e9ation de nouveaux panneaux pour la courtepointe comm\u00e9morative du SIDA et des ateliers \u00e9ducatifs dans 10 villes \u00e0 forte pr\u00e9valence.\",\"_mco_article_slideshow_7_mco_article_slideshow_caption\":\"mco_article_slideshow_caption_f9q8hyhfliu\",\"mco_article_slideshow_7_mco_article_slideshow_credit\":\"\",\"_mco_article_slideshow_7_mco_article_slideshow_credit\":\"mco_article_slideshow_credit_f9q8hyhfliu\",\"mco_article_slideshow_8_mco_article_slideshow_image\":1995,\"_mco_article_slideshow_8_mco_article_slideshow_image\":\"mco_article_slideshow_image_f9q8hyhfliu\",\"mco_article_slideshow_8_mco_article_slideshow_caption\":\"Daria Hazuda, vice-pr\u00e9sidente, biochimiste en maladies infectieuses et directrice scientifique du MSD Exploratory Science Center, a dirig\u00e9 l'\u00e9quipe charg\u00e9e d'identifier de nouveaux moyens d'attaquer et de traiter le VIH.\",\"_mco_article_slideshow_8_mco_article_slideshow_caption\":\"mco_article_slideshow_caption_f9q8hyhfliu\",\"mco_article_slideshow_8_mco_article_slideshow_credit\":\"\",\"_mco_article_slideshow_8_mco_article_slideshow_credit\":\"mco_article_slideshow_credit_f9q8hyhfliu\",\"mco_article_slideshow_9_mco_article_slideshow_image\":1996,\"_mco_article_slideshow_9_mco_article_slideshow_image\":\"mco_article_slideshow_image_f9q8hyhfliu\",\"mco_article_slideshow_9_mco_article_slideshow_caption\":\"En 2021, nous avons conclu un accord avec Gilead pour travailler ensemble dans la communaut\u00e9 mondiale de lutte contre le VIH.\",\"_mco_article_slideshow_9_mco_article_slideshow_caption\":\"mco_article_slideshow_caption_f9q8hyhfliu\",\"mco_article_slideshow_9_mco_article_slideshow_credit\":\"\",\"_mco_article_slideshow_9_mco_article_slideshow_credit\":\"mco_article_slideshow_credit_f9q8hyhfliu\",\"mco_article_slideshow\":10,\"_mco_article_slideshow\":\"mco_article_slideshow_f9q8hyhfliu\"},\"mode\":\"auto\",\"className\":\"mt-2 mb-2\"} \/-->\n\n<!-- wp:paragraph -->\n<p><sup>CH-NON-01219, 02\/2025<\/sup><\/p>\n<!-- \/wp:paragraph -->","post_title":"Notre engagement en faveur des traitements et de la pr\u00e9vention du VIH au fil des ans","post_excerpt":"","post_status":"publish","comment_status":"closed","ping_status":"closed","post_password":"","post_name":"hiv","to_ping":"","pinged":"","post_modified":"2025-04-11 10:41:36","post_modified_gmt":"2025-04-11 08:41:36","post_content_filtered":"","post_parent":0,"guid":"https:\/\/vip2-msd.com\/switzerland\/?post_type=story&#038;p=1853","menu_order":0,"post_type":"story","post_mime_type":"","comment_count":"0","filter":"raw"},"story_three_selection":"select","related_content_item_three":{"ID":1922,"post_author":"282","post_date":"2023-05-18 07:44:00","post_date_gmt":"2023-05-18 05:44:00","post_content":"<!-- wp:acf\/article-hero-block {\"name\":\"acf\/article-hero-block\",\"data\":{\"show_hide_icon\":\"1\",\"_show_hide_icon\":\"mco_f1_icon_visibility\",\"show_hide_text\":\"1\",\"_show_hide_text\":\"mco_f1_share_text_visibility\",\"show_hide_date\":\"0\",\"_show_hide_date\":\"mco_f1_share_date_visibility\",\"date_text\":\"\",\"_date_text\":\"mco_f1_date_text\",\"share_text\":\"\",\"_share_text\":\"mco_f1_share_text\"},\"mode\":\"edit\"} \/-->\n\n<!-- wp:paragraph -->\n<p>Il n'existe pas de solution unique ou simple au probl\u00e8me complexe de la RAM, mais nous nous engageons \u00e0 investir notre expertise et nos ressources aux c\u00f4t\u00e9s de nos partenaires afin de fournir les antibiotiques indispensables \u00e0&nbsp;ceux qui en ont le plus besoin. Des vies sont en danger et il est grand temps d'agir.<\/p>\n<!-- \/wp:paragraph -->\n\n<!-- wp:paragraph -->\n<p>Fid\u00e8les \u00e0 notre longue tradition en mati\u00e8re de pr\u00e9vention et de traitement des maladies infectieuses, nous sommes fiers de nous engager \u00e0 investir 100&nbsp;millions de dollars sur 10 ans dans le nouveau Fonds d'action contre la RAM. Gr\u00e2ce \u00e0 ce partenariat novateur entre des soci\u00e9t\u00e9s pharmaceutiques de premier plan, des organisations philanthropiques, des banques de d\u00e9veloppement et des organisations multipartites, nous voulons combler le foss\u00e9 entre l'apport d'antibiotiques pr\u00e9coces innovants et les patients. Il est urgent de trouver de nouveaux antibiotiques. Avec ce nouveau fonds pour la recherche et le&nbsp;d\u00e9veloppement d'antibiotiques, notre objectif conjoint est de mettre d'ici la fin de la d\u00e9cennie deux \u00e0 quatre nouveaux antibiotiques \u00e0 la disposition des patients et des m\u00e9decins.<\/p>\n<!-- \/wp:paragraph -->\n\n<!-- wp:heading {\"level\":3,\"className\":\"mb-2\"} -->\n<h3 class=\"wp-block-heading mb-2\">Voici cinq raisons essentielles de s'appuyer sur ces efforts de collaboration pour lutter contre la RAM:<\/h3>\n<!-- \/wp:heading -->\n\n<!-- wp:mccberg\/f7-listicle {\"className\":\"mt-2\"} -->\n<div class=\"wp-block-mccberg-f7-listicle mco-f7-block wrapper-story-narrower mt-2\"><!-- wp:mccberg\/f7-listicle-item {\"className\":\"mt-2\"} -->\n<div class=\"wp-block-mccberg-f7-listicle-item f7-listicle-item mt-2\"><div class=\"f7-listicle-header\"><div><\/div><div><p>01.<\/p><\/div><div><\/div><\/div><div class=\"f7-listicle-content\"><!-- wp:heading {\"level\":4} -->\n<h4 class=\"wp-block-heading\">Il faut de nouveaux antibiotiques de toute urgence. Cependant, il y en a relativement peu en d\u00e9veloppement.<\/h4>\n<!-- \/wp:heading -->\n\n<!-- wp:paragraph -->\n<p>La RAM est un ph\u00e9nom\u00e8ne naturel par lequel les bact\u00e9ries d\u00e9veloppent des d\u00e9fenses contre les antibiotiques. La nature de la r\u00e9sistance implique de devoir d\u00e9velopper en permanence de nouveaux antibiotiques afin de garder une longueur d'avance sur les pathog\u00e8nes r\u00e9sistants.<\/p>\n<!-- \/wp:paragraph -->\n\n<!-- wp:paragraph -->\n<p>MSD est engag\u00e9e dans la R&amp;D sur les antibiotiques depuis plus de 80&nbsp;ans et a propos\u00e9 de nouveaux traitements chaque d\u00e9cennie. Cependant, d'importants d\u00e9fis scientifiques, r\u00e9glementaires et \u00e9conomiques d\u00e9couragent l'innovation dans le domaine des antibiotiques, ce qui a entra\u00een\u00e9 une baisse significative du&nbsp;nombre d'entreprises menant des activit\u00e9s de R&amp;D sur les antibiotiques et les antifongiques ces vingt derni\u00e8res ann\u00e9es. Reconnaissant qu'il est peu probable qu'il existe une solution unique au probl\u00e8me, MSD et d'autres entreprises ont propos\u00e9 une s\u00e9rie de r\u00e9formes politiques dans plusieurs r\u00e9gions du&nbsp;monde. Malgr\u00e9 tout, le temps manque. Nous avons besoin de la collaboration des d\u00e9cideurs politiques du monde entier pour permettre \u00e0 l'innovation en&nbsp;mati\u00e8re d'antibiotiques de prosp\u00e9rer pendant les d\u00e9cennies \u00e0 venir.<\/p>\n<!-- \/wp:paragraph --><\/div><\/div>\n<!-- \/wp:mccberg\/f7-listicle-item -->\n\n<!-- wp:mccberg\/f7-listicle-item {\"headingText\":\"02.\"} -->\n<div class=\"wp-block-mccberg-f7-listicle-item f7-listicle-item\"><div class=\"f7-listicle-header\"><div><\/div><div><p>02.<\/p><\/div><div><\/div><\/div><div class=\"f7-listicle-content\"><!-- wp:heading {\"level\":4} -->\n<h4 class=\"wp-block-heading\">Une fois les nouveaux antibiotiques approuv\u00e9s, ils doivent \u00eatre utilis\u00e9s d'une mani\u00e8re appropri\u00e9e.<\/h4>\n<!-- \/wp:heading -->\n\n<!-- wp:paragraph -->\n<p>S'il est important de d\u00e9velopper de nouveaux antimicrobiens, il est tout aussi essentiel de ralentir la r\u00e9sistance aux m\u00e9dicaments actuels. Une&nbsp;antibioth\u00e9rapie appropri\u00e9e peut jouer un r\u00f4le important dans le traitement des patients atteints d'infections r\u00e9sistantes et dans la pr\u00e9servation de&nbsp;l'efficacit\u00e9 des antibiotiques.<\/p>\n<!-- \/wp:paragraph -->\n\n<!-- wp:paragraph -->\n<p>Nous devons travailler ensemble pour mettre en \u0153uvre des politiques et des programmes bas\u00e9s sur des facteurs \u00e9prouv\u00e9s, qui favorisent la prescription et&nbsp;l'utilisation appropri\u00e9es des antimicrobiens. Chez MSD, nous r\u00e9alisons d'importants<strong> investissements pour soutenir la gestion des antimicrobiens<\/strong> (AMS), en&nbsp;aidant les h\u00f4pitaux \u00e0 d\u00e9velopper et \u00e0 mettre en \u0153uvre des programmes AMS centr\u00e9s sur le patient et personnalis\u00e9s au niveau local en fonction de facteurs tels que l'\u00e9pid\u00e9miologie, le contexte clinique et la disponibilit\u00e9 des ressources. Nous offrons \u00e9galement des subventions importantes pour soutenir un grand nombre d'initiatives et de collaborations de l'AMS.<\/p>\n<!-- \/wp:paragraph -->\n\n<!-- wp:heading {\"level\":4} -->\n<h4 class=\"wp-block-heading\">Certaines de nos contributions mondiales \u00e0 l'AMS:<\/h4>\n<!-- \/wp:heading -->\n\n<!-- wp:columns -->\n<div class=\"wp-block-columns\"><!-- wp:column -->\n<div class=\"wp-block-column\"><!-- wp:image {\"id\":2020,\"sizeSlug\":\"large\",\"linkDestination\":\"none\"} -->\n<figure class=\"wp-block-image size-large\"><img src=\"https:\/\/www.msd.ch\/en\/wp-content\/uploads\/sites\/42\/2021\/04\/Awards-icon.png?w=60\" alt=\"\" class=\"wp-image-2020\"\/><\/figure>\n<!-- \/wp:image -->\n\n<!-- wp:paragraph -->\n<p>Soutien au d\u00e9veloppement de plusieurs centres d'excellence de l'AMS \u00e0 travers le monde<\/p>\n<!-- \/wp:paragraph --><\/div>\n<!-- \/wp:column -->\n\n<!-- wp:column -->\n<div class=\"wp-block-column\"><!-- wp:image {\"id\":2021,\"sizeSlug\":\"large\",\"linkDestination\":\"none\"} -->\n<figure class=\"wp-block-image size-large\"><img src=\"https:\/\/www.msd.ch\/en\/wp-content\/uploads\/sites\/42\/2021\/04\/Hospital-icon.png?w=60\" alt=\"\" class=\"wp-image-2021\"\/><\/figure>\n<!-- \/wp:image -->\n\n<!-- wp:paragraph -->\n<p>Aide aux responsables de sant\u00e9 publique \u00e0 surveiller et \u00e0 traiter efficacement les infections \u00e9mergentes li\u00e9es \u00e0 la RAM, \u00e0 promouvoir l'AMS et \u00e0 adapter aux besoins locaux les strat\u00e9gies AMS bien accept\u00e9es<\/p>\n<!-- \/wp:paragraph --><\/div>\n<!-- \/wp:column --><\/div>\n<!-- \/wp:columns -->\n\n<!-- wp:columns -->\n<div class=\"wp-block-columns\"><!-- wp:column -->\n<div class=\"wp-block-column\"><!-- wp:image {\"id\":2023,\"sizeSlug\":\"large\",\"linkDestination\":\"none\"} -->\n<figure class=\"wp-block-image size-large\"><img src=\"https:\/\/www.msd.ch\/en\/wp-content\/uploads\/sites\/42\/2021\/04\/Public-health-Leaders-icon.png?w=60\" alt=\"\" class=\"wp-image-2023\"\/><\/figure>\n<!-- \/wp:image -->\n\n<!-- wp:paragraph -->\n<p>Contribution \u00e0 l'\u00e9laboration de mesures de r\u00e9sultats normalis\u00e9es et significatives en mati\u00e8re de s\u00e9curit\u00e9 des patients pour les programmes AMS des h\u00f4pitaux am\u00e9ricains<\/p>\n<!-- \/wp:paragraph --><\/div>\n<!-- \/wp:column -->\n\n<!-- wp:column -->\n<div class=\"wp-block-column\"><!-- wp:image {\"id\":2022,\"width\":\"45px\",\"height\":\"62px\",\"sizeSlug\":\"large\",\"linkDestination\":\"none\"} -->\n<figure class=\"wp-block-image size-large is-resized\"><img src=\"https:\/\/www.msd.ch\/en\/wp-content\/uploads\/sites\/42\/2021\/04\/Microscope-icon.png?w=60\" alt=\"\" class=\"wp-image-2022\" style=\"width:45px;height:62px\"\/><\/figure>\n<!-- \/wp:image -->\n\n<!-- wp:paragraph -->\n<p>Financement d'une s\u00e9rie de bourses de d\u00e9couverte (petites subventions de d\u00e9marrage pour aider les innovateurs en mati\u00e8re de diagnostic \u00e0 faire \u00e9clore leurs id\u00e9es et \u00e0 am\u00e9liorer leurs chances de remporter le prix Longitude, au Royaume-Uni)<\/p>\n<!-- \/wp:paragraph --><\/div>\n<!-- \/wp:column --><\/div>\n<!-- \/wp:columns --><\/div><\/div>\n<!-- \/wp:mccberg\/f7-listicle-item -->\n\n<!-- wp:mccberg\/f7-listicle-item {\"headingText\":\"03.\"} -->\n<div class=\"wp-block-mccberg-f7-listicle-item f7-listicle-item\"><div class=\"f7-listicle-header\"><div><\/div><div><p>03.<\/p><\/div><div><\/div><\/div><div class=\"f7-listicle-content\"><!-- wp:heading {\"level\":4} -->\n<h4 class=\"wp-block-heading\">Nous devons suivre les tendances relatives \u00e0 la pharmacor\u00e9sistance et utiliser les donn\u00e9es pour informer sur les conditions de prescription.<\/h4>\n<!-- \/wp:heading -->\n\n<!-- wp:paragraph -->\n<p>Pour garantir une prescription appropri\u00e9e des antibiotiques, les directives de traitement clinique doivent rester \u00e0 jour et tenir compte des tendances relatives \u00e0 la pharmacor\u00e9sistance. Les \u00e9tudes de surveillance peuvent aider \u00e0 identifier ces tendances dans l'incidence des agents pathog\u00e8nes et la RAM, et&nbsp;peuvent \u00e9galement identifier l'\u00e9mergence de souches r\u00e9sistantes.<\/p>\n<!-- \/wp:paragraph -->\n\n<!-- wp:paragraph -->\n<p>Chez MSD, nous travaillons avec les organismes de sant\u00e9 publique, les professionnels de la sant\u00e9 et les soci\u00e9t\u00e9s de diagnostic pour informer sur l'utilisation appropri\u00e9e des antibiotiques en partageant nos donn\u00e9es de surveillance. L'un des plus grands programmes de surveillance de la RAM, notre programme SMART (Study for Monitoring Antimicrobial Resistance Trends), a recueilli environ 500&nbsp;000&nbsp;isolats bact\u00e9riens en provenance de 217&nbsp;sites dans 63&nbsp;pays depuis 2002. Ces donn\u00e9es peuvent contribuer \u00e0 freiner le d\u00e9veloppement de la RAM en fournissant des plans de traitement ad\u00e9quats et des directives de&nbsp;prescription qui garantissent une utilisation appropri\u00e9e des antibiotiques.<\/p>\n<!-- \/wp:paragraph --><\/div><\/div>\n<!-- \/wp:mccberg\/f7-listicle-item -->\n\n<!-- wp:mccberg\/f7-listicle-item {\"headingText\":\"04.\"} -->\n<div class=\"wp-block-mccberg-f7-listicle-item f7-listicle-item\"><div class=\"f7-listicle-header\"><div><\/div><div><p>04.<\/p><\/div><div><\/div><\/div><div class=\"f7-listicle-content\"><!-- wp:heading {\"level\":4} -->\n<h4 class=\"wp-block-heading\">Notre r\u00e9flexion doit aller au-del\u00e0 de la sant\u00e9 humaine.<\/h4>\n<!-- \/wp:heading -->\n\n<!-- wp:paragraph -->\n<p>Le d\u00e9fi de la RAM compte de multiples facettes et nous pensons qu'il est essentiel d'adopter une approche unique de la sant\u00e9 pour \u00e9laborer des politiques afin de parvenir \u00e0 une sant\u00e9 optimale pour les personnes, les animaux et notre environnement.<\/p>\n<!-- \/wp:paragraph -->\n\n<!-- wp:paragraph -->\n<p>En mati\u00e8re de sant\u00e9 animale, les vaccins doivent \u00eatre consid\u00e9r\u00e9s comme une premi\u00e8re ligne de d\u00e9fense contre les maladies bact\u00e9riennes et virales. En pr\u00e9venant les maladies, les&nbsp;vaccins peuvent contribuer \u00e0 minimiser le besoin d'antibiotiques. MSD Animal Health est l'un des plus grands fabricants de vaccins pour animaux, fournissant plus de 100&nbsp;milliards de doses chaque ann\u00e9e. Nous sommes \u00e9galement engag\u00e9s dans des efforts de collaboration pour garantir que les antibiotiques nouveaux et existants sont efficaces aujourd'hui et \u00e0 l'avenir pour toutes les esp\u00e8ces.<\/p>\n<!-- \/wp:paragraph -->\n\n<!-- wp:paragraph -->\n<p>La protection de l'environnement par une fabrication responsable est un autre \u00e9l\u00e9ment cl\u00e9 d'une approche unique de la sant\u00e9. Pour lutter contre l'augmentation des niveaux d'antibiotiques dans l'environnement, nous avons engag\u00e9 plus de 100&nbsp;millions de dollars pour garantir que les rejets des usines ne pr\u00e9sentent pas de risque pour la sant\u00e9 humaine ou l'environnement. Nous avons \u00e9galement travaill\u00e9 avec nos partenaires de l'AMR Industry Alliance pour d\u00e9finir des objectifs de fabrication fond\u00e9s sur des \u00e9l\u00e9ments scientifiques afin de garantir un examen rigoureux des cha\u00eenes d'approvisionnement de l'industrie manufacturi\u00e8re.<\/p>\n<!-- \/wp:paragraph --><\/div><\/div>\n<!-- \/wp:mccberg\/f7-listicle-item -->\n\n<!-- wp:mccberg\/f7-listicle-item {\"headingText\":\"05.\"} -->\n<div class=\"wp-block-mccberg-f7-listicle-item f7-listicle-item\"><div class=\"f7-listicle-header\"><div><\/div><div><p>05.<\/p><\/div><div><\/div><\/div><div class=\"f7-listicle-content\"><!-- wp:heading {\"level\":4} -->\n<h4 class=\"wp-block-heading\">Il est temps d'agir contre la RAM.<\/h4>\n<!-- \/wp:heading -->\n\n<!-- wp:paragraph -->\n<p>Nous avons re\u00e7u de nombreux avertissements sur les dangers de la RAM. Gr\u00e2ce \u00e0 la collaboration de la communaut\u00e9 scientifique et des d\u00e9cideurs politiques, il est possible de l'\u00e9viter.<\/p>\n<!-- \/wp:paragraph -->\n\n<!-- wp:paragraph -->\n<p>Nous avons tous un r\u00f4le \u00e0 jouer dans la pr\u00e9paration de la prochaine crise sanitaire. Nous savons que si nous n'agissons pas, la RAM aura des cons\u00e9quences mondiales importantes. Nous devons agir maintenant pour mettre en place des mesures pour garantir l'existence d'antibiotiques dont nous avons besoin pour notre g\u00e9n\u00e9ration et celles \u00e0 venir.<\/p>\n<!-- \/wp:paragraph -->\n\n<!-- wp:paragraph -->\n<p><sup>CH-NON-01235, 06\/2025<\/sup><\/p>\n<!-- \/wp:paragraph --><\/div><\/div>\n<!-- \/wp:mccberg\/f7-listicle-item --><\/div>\n<!-- \/wp:mccberg\/f7-listicle -->\n\n<!-- wp:paragraph -->\n<p><\/p>\n<!-- \/wp:paragraph -->","post_title":"La lutte contre la r\u00e9sistance aux antibiotiques est plus importante que jamais. Voici pourquoi.","post_excerpt":"","post_status":"publish","comment_status":"closed","ping_status":"closed","post_password":"","post_name":"antibiotic-resistance","to_ping":"","pinged":"","post_modified":"2025-06-22 16:30:21","post_modified_gmt":"2025-06-22 14:30:21","post_content_filtered":"","post_parent":0,"guid":"https:\/\/vip2-msd.com\/switzerland\/?post_type=story&#038;p=1922","menu_order":0,"post_type":"story","post_mime_type":"","comment_count":"0","filter":"raw"},"scroll-to-top":false,"subheader_title":"Les 130 ans d'histoire de MSD ont \u00e9t\u00e9 marqu\u00e9s par de nombreuses femmes. ","secondary_image":false,"video_hosting_selection":"youtube","youtube_url":"","primary_cta":"Read more","secondary_cta":"","heading_level":"","video_accessible_name":"","primary_cta_aria_label":"","secondary_cta_aria_label":""}},"_links":{"self":[{"href":"https:\/\/www.msd.ch\/fr\/wp-json\/wp\/v2\/story\/6760","targetHints":{"allow":["GET"]}}],"collection":[{"href":"https:\/\/www.msd.ch\/fr\/wp-json\/wp\/v2\/story"}],"about":[{"href":"https:\/\/www.msd.ch\/fr\/wp-json\/wp\/v2\/types\/story"}],"version-history":[{"count":23,"href":"https:\/\/www.msd.ch\/fr\/wp-json\/wp\/v2\/story\/6760\/revisions"}],"predecessor-version":[{"id":8343,"href":"https:\/\/www.msd.ch\/fr\/wp-json\/wp\/v2\/story\/6760\/revisions\/8343"}],"wp:featuredmedia":[{"embeddable":true,"href":"https:\/\/www.msd.ch\/fr\/wp-json\/wp\/v2\/media\/6725"}],"wp:attachment":[{"href":"https:\/\/www.msd.ch\/fr\/wp-json\/wp\/v2\/media?parent=6760"}],"wp:term":[{"taxonomy":"post_tag","embeddable":true,"href":"https:\/\/www.msd.ch\/fr\/wp-json\/wp\/v2\/tags?post=6760"},{"taxonomy":"content_topic","embeddable":true,"href":"https:\/\/www.msd.ch\/fr\/wp-json\/wp\/v2\/content_topic?post=6760"},{"taxonomy":"Admin Field","embeddable":true,"href":"https:\/\/www.msd.ch\/fr\/wp-json\/wp\/v2\/admin_field?post=6760"}],"curies":[{"name":"wp","href":"https:\/\/api.w.org\/{rel}","templated":true}]}}